{"id":1501,"date":"2026-03-03T14:34:01","date_gmt":"2026-03-03T14:34:01","guid":{"rendered":"https:\/\/www.lusinedemains.com\/blog\/?p=1501"},"modified":"2026-03-03T14:34:02","modified_gmt":"2026-03-03T14:34:02","slug":"preau-ecole","status":"publish","type":"post","link":"https:\/\/www.lusinedemains.com\/blog\/preau-ecole\/","title":{"rendered":"Choisir un pr\u00e9au \u00e9cole Dalo en toile tendue pour un am\u00e9nagement durable"},"content":{"rendered":"\n<p>Le pr\u00e9au d&#8217;\u00e9cole en toile tendue r\u00e9pond aux besoins d\u2019abris scolaire rapides \u00e0 installer, durables et adapt\u00e9s \u00e0 la vie quotidienne d\u2019un \u00e9tablissement. Les solutions d&#8217;abris Dalo combinent une structure l\u00e9g\u00e8re, une protection fiable contre pluie\/vent\/neige et des options de modularit\u00e9 (juxtaposition, fermetures lat\u00e9rales, hauteurs de passage). Pens\u00e9s pour les collectivit\u00e9s, ces abris \u00e9cole s\u2019int\u00e8grent aussi bien dans une cour que le long d\u2019un b\u00e2timent.<\/p><div id=\"ez-toc-container\" class=\"ez-toc-v2_0_73 counter-hierarchy ez-toc-counter ez-toc-grey ez-toc-container-direction\">\n<div class=\"ez-toc-title-container\">\n<p class=\"ez-toc-title\" style=\"cursor:inherit\">Au programme<\/p>\n<span class=\"ez-toc-title-toggle\"><a href=\"#\" class=\"ez-toc-pull-right ez-toc-btn ez-toc-btn-xs ez-toc-btn-default ez-toc-toggle\" aria-label=\"Toggle Table of Content\"><span class=\"ez-toc-js-icon-con\"><span class=\"\"><span class=\"eztoc-hide\" style=\"display:none;\">Toggle<\/span><span class=\"ez-toc-icon-toggle-span\"><svg style=\"fill: #999;color:#999\" xmlns=\"http:\/\/www.w3.org\/2000\/svg\" class=\"list-377408\" width=\"20px\" height=\"20px\" viewBox=\"0 0 24 24\" fill=\"none\"><path d=\"M6 6H4v2h2V6zm14 0H8v2h12V6zM4 11h2v2H4v-2zm16 0H8v2h12v-2zM4 16h2v2H4v-2zm16 0H8v2h12v-2z\" fill=\"currentColor\"><\/path><\/svg><svg style=\"fill: #999;color:#999\" class=\"arrow-unsorted-368013\" xmlns=\"http:\/\/www.w3.org\/2000\/svg\" width=\"10px\" height=\"10px\" viewBox=\"0 0 24 24\" version=\"1.2\" baseProfile=\"tiny\"><path d=\"M18.2 9.3l-6.2-6.3-6.2 6.3c-.2.2-.3.4-.3.7s.1.5.3.7c.2.2.4.3.7.3h11c.3 0 .5-.1.7-.3.2-.2.3-.5.3-.7s-.1-.5-.3-.7zM5.8 14.7l6.2 6.3 6.2-6.3c.2-.2.3-.5.3-.7s-.1-.5-.3-.7c-.2-.2-.4-.3-.7-.3h-11c-.3 0-.5.1-.7.3-.2.2-.3.5-.3.7s.1.5.3.7z\"\/><\/svg><\/span><\/span><\/span><\/a><\/span><\/div>\n<nav><ul class='ez-toc-list ez-toc-list-level-1 ' ><li class='ez-toc-page-1 ez-toc-heading-level-2'><a class=\"ez-toc-link ez-toc-heading-1\" href=\"https:\/\/www.lusinedemains.com\/blog\/preau-ecole\/#Introduction\" title=\"Introduction\">Introduction<\/a><\/li><li class='ez-toc-page-1 ez-toc-heading-level-2'><a class=\"ez-toc-link ez-toc-heading-2\" href=\"https:\/\/www.lusinedemains.com\/blog\/preau-ecole\/#Preau_ecole_quels_besoins_couvrir_dans_une_cour_une_entree_ou_une_zone_de_passage\" title=\"Pr\u00e9au \u00e9cole : quels besoins couvrir dans une cour, une entr\u00e9e ou une zone de passage ?\">Pr\u00e9au \u00e9cole : quels besoins couvrir dans une cour, une entr\u00e9e ou une zone de passage ?<\/a><ul class='ez-toc-list-level-3' ><li class='ez-toc-heading-level-3'><a class=\"ez-toc-link ez-toc-heading-3\" href=\"https:\/\/www.lusinedemains.com\/blog\/preau-ecole\/#Proteger_les_usages_du_quotidien_et_pas_seulement_faire_de_lombre\" title=\"Prot\u00e9ger les usages du quotidien (et pas seulement faire de l\u2019ombre)\">Prot\u00e9ger les usages du quotidien (et pas seulement faire de l\u2019ombre)<\/a><\/li><li class='ez-toc-page-1 ez-toc-heading-level-3'><a class=\"ez-toc-link ez-toc-heading-4\" href=\"https:\/\/www.lusinedemains.com\/blog\/preau-ecole\/#Adapter_la_configuration_adosse_isole_modulaire\" title=\"Adapter la configuration : adoss\u00e9, isol\u00e9, modulaire\">Adapter la configuration : adoss\u00e9, isol\u00e9, modulaire<\/a><\/li><\/ul><\/li><li class='ez-toc-page-1 ez-toc-heading-level-2'><a class=\"ez-toc-link ez-toc-heading-5\" href=\"https:\/\/www.lusinedemains.com\/blog\/preau-ecole\/#Preau_ecole_panorama_des_modeles_DALO_et_comment_les_associer_a_vos_contraintes\" title=\"Pr\u00e9au \u00e9cole : panorama des mod\u00e8les DALO et comment les associer \u00e0 vos contraintes\">Pr\u00e9au \u00e9cole : panorama des mod\u00e8les DALO et comment les associer \u00e0 vos contraintes<\/a><ul class='ez-toc-list-level-3' ><li class='ez-toc-heading-level-3'><a class=\"ez-toc-link ez-toc-heading-6\" href=\"https:\/\/www.lusinedemains.com\/blog\/preau-ecole\/#Spacio_signature_design_recuperation_deau_centralisee\" title=\"Spacio : signature design + r\u00e9cup\u00e9ration d\u2019eau centralis\u00e9e\">Spacio : signature design + r\u00e9cup\u00e9ration d\u2019eau centralis\u00e9e<\/a><\/li><li class='ez-toc-page-1 ez-toc-heading-level-3'><a class=\"ez-toc-link ez-toc-heading-7\" href=\"https:\/\/www.lusinedemains.com\/blog\/preau-ecole\/#Orlando_Boston_grandes_hauteurs_de_passage_pour_circulation_et_adossement\" title=\"Orlando \/ Boston : grandes hauteurs de passage pour circulation et adossement\">Orlando \/ Boston : grandes hauteurs de passage pour circulation et adossement<\/a><\/li><li class='ez-toc-page-1 ez-toc-heading-level-3'><a class=\"ez-toc-link ez-toc-heading-8\" href=\"https:\/\/www.lusinedemains.com\/blog\/preau-ecole\/#Miami_Club_modularite_et_evolutivite_ecole_creche_multi-zones\" title=\"Miami \/ Club : modularit\u00e9 et \u00e9volutivit\u00e9 (\u00e9cole, cr\u00e8che, multi-zones)\">Miami \/ Club : modularit\u00e9 et \u00e9volutivit\u00e9 (\u00e9cole, cr\u00e8che, multi-zones)<\/a><\/li><li class='ez-toc-page-1 ez-toc-heading-level-3'><a class=\"ez-toc-link ez-toc-heading-9\" href=\"https:\/\/www.lusinedemains.com\/blog\/preau-ecole\/#Diamant_Calypso_maximiser_la_surface_utile_et_viser_les_conditions_extremes\" title=\"Diamant \/ Calypso : maximiser la surface utile et viser les conditions extr\u00eames\">Diamant \/ Calypso : maximiser la surface utile et viser les conditions extr\u00eames<\/a><\/li><li class='ez-toc-page-1 ez-toc-heading-level-3'><a class=\"ez-toc-link ez-toc-heading-10\" href=\"https:\/\/www.lusinedemains.com\/blog\/preau-ecole\/#Capri_accueil_du_public_et_poteau_deporte_centre\" title=\"Capri : accueil du public et poteau d\u00e9port\u00e9 centr\u00e9\">Capri : accueil du public et poteau d\u00e9port\u00e9 centr\u00e9<\/a><\/li><li class='ez-toc-page-1 ez-toc-heading-level-3'><a class=\"ez-toc-link ez-toc-heading-11\" href=\"https:\/\/www.lusinedemains.com\/blog\/preau-ecole\/#Azur_modele_%E2%80%9Cparapluie%E2%80%9D_et_evacuation_deau_peripherique\" title=\"Azur : mod\u00e8le &#8220;parapluie&#8221; et \u00e9vacuation d\u2019eau p\u00e9riph\u00e9rique\">Azur : mod\u00e8le &#8220;parapluie&#8221; et \u00e9vacuation d\u2019eau p\u00e9riph\u00e9rique<\/a><\/li><\/ul><\/li><li class='ez-toc-page-1 ez-toc-heading-level-2'><a class=\"ez-toc-link ez-toc-heading-12\" href=\"https:\/\/www.lusinedemains.com\/blog\/preau-ecole\/#Fabrication_francaise_durabilite_et_toile_tendue_ce_qui_fait_la_difference_sur_un_abris_ecole\" title=\"Fabrication fran\u00e7aise, durabilit\u00e9 et toile tendue : ce qui fait la diff\u00e9rence sur un abris \u00e9cole\">Fabrication fran\u00e7aise, durabilit\u00e9 et toile tendue : ce qui fait la diff\u00e9rence sur un abris \u00e9cole<\/a><\/li><li class='ez-toc-page-1 ez-toc-heading-level-2'><a class=\"ez-toc-link ez-toc-heading-13\" href=\"https:\/\/www.lusinedemains.com\/blog\/preau-ecole\/#Mini_FAQ\" title=\"Mini FAQ\">Mini FAQ<\/a><\/li><li class='ez-toc-page-1 ez-toc-heading-level-2'><a class=\"ez-toc-link ez-toc-heading-14\" href=\"https:\/\/www.lusinedemains.com\/blog\/preau-ecole\/#Conclusion\" title=\"Conclusion\">Conclusion<\/a><\/li><\/ul><\/nav><\/div>\n\n\n\n\n<p><strong>Points cl\u00e9s<\/strong><\/p>\n\n\n\n<ul>\n<li>Un pr\u00e9au d&#8217;\u00e9cole en toile tendue prot\u00e8ge les zones de circulation et de rassemblement, avec une mise en \u0153uvre rapide.<\/li>\n\n\n\n<li>Les gammes Dalo couvrent des besoins vari\u00e9s : design, grande hauteur, modularit\u00e9, zones expos\u00e9es, r\u00e9cup\u00e9ration des eaux.<\/li>\n\n\n\n<li>R\u00e9sistances \u00e9lev\u00e9es : vent jusqu\u2019\u00e0 183 km\/h et neige jusqu\u2019\u00e0 90 kg\/m\u00b2, selon les mod\u00e8les.<\/li>\n\n\n\n<li>Fabrication fran\u00e7aise et savoir-faire du groupe BHD, leader europ\u00e9en de la confection en toiles techniques.<\/li>\n\n\n\n<li>Solutions adapt\u00e9es aux mairies, collectivit\u00e9s, abris cr\u00e8che et pr\u00e9au scolaire.<\/li>\n<\/ul>\n\n\n\n<hr class=\"wp-block-separator has-alpha-channel-opacity\"\/>\n\n\n\n<h2 class=\"wp-block-heading\"><span class=\"ez-toc-section\" id=\"Introduction\"><\/span>Introduction<span class=\"ez-toc-section-end\"><\/span><\/h2>\n\n\n\n<p>Le pr\u00e9au d&#8217;\u00e9cole est la r\u00e9ponse la plus simple pour cr\u00e9er une zone abrit\u00e9e, s\u00e9curiser les circulations et am\u00e9liorer le confort des \u00e9l\u00e8ves, du personnel et des familles. En cour de r\u00e9cr\u00e9ation, \u00e0 l\u2019entr\u00e9e d\u2019un b\u00e2timent, pr\u00e8s d\u2019un pr\u00e9au cr\u00e8che ou d\u2019un abris scolaire, la toile tendue offre une protection fiable, sans alourdir l\u2019architecture. Avec 40 ans d\u2019exp\u00e9rience, Dalo con\u00e7oit et installe des structures pens\u00e9es pour les usages intensifs des collectivit\u00e9s, avec une exigence de durabilit\u00e9 et de r\u00e9sistance.<\/p>\n\n\n\n<figure class=\"wp-block-embed is-type-video is-provider-youtube wp-block-embed-youtube wp-embed-aspect-16-9 wp-has-aspect-ratio\"><div class=\"wp-block-embed__wrapper\">\n<iframe loading=\"lazy\" title=\"Pr\u00e9aux d&#039;\u00e9cole et abris DALO Structures ACS Groupe BHD\" width=\"1200\" height=\"675\" src=\"https:\/\/www.youtube.com\/embed\/tP52OXx2SGE?feature=oembed\" frameborder=\"0\" allow=\"accelerometer; autoplay; clipboard-write; encrypted-media; gyroscope; picture-in-picture; web-share\" referrerpolicy=\"strict-origin-when-cross-origin\" allowfullscreen><\/iframe>\n<\/div><\/figure>\n\n\n\n<p><\/p>\n\n\n\n<h2 class=\"wp-block-heading\"><span class=\"ez-toc-section\" id=\"Preau_ecole_quels_besoins_couvrir_dans_une_cour_une_entree_ou_une_zone_de_passage\"><\/span>Pr\u00e9au \u00e9cole : quels besoins couvrir dans une cour, une entr\u00e9e ou une zone de passage ?<span class=\"ez-toc-section-end\"><\/span><\/h2>\n\n\n\n<h3 class=\"wp-block-heading\"><span class=\"ez-toc-section\" id=\"Proteger_les_usages_du_quotidien_et_pas_seulement_faire_de_lombre\"><\/span>Prot\u00e9ger les usages du quotidien (et pas seulement faire de l\u2019ombre)<span class=\"ez-toc-section-end\"><\/span><\/h3>\n\n\n\n<p>Un pr\u00e9au scolaire sert \u00e0 cr\u00e9er un espace abrit\u00e9 pour : l\u2019attente des parents, les rangs, les circulations entre b\u00e2timents, les temps calmes, ou encore des activit\u00e9s en ext\u00e9rieur. Dans une \u00e9cole, on recherche g\u00e9n\u00e9ralement une protection contre la pluie, une tenue au vent, une r\u00e9sistance aux charges de neige selon la r\u00e9gion, et une \u00e9vacuation d\u2019eau ma\u00eetris\u00e9e pour \u00e9viter flaques et ruissellement sur les zones fr\u00e9quent\u00e9es.<\/p>\n\n\n\n<h3 class=\"wp-block-heading\"><span class=\"ez-toc-section\" id=\"Adapter_la_configuration_adosse_isole_modulaire\"><\/span>Adapter la configuration : adoss\u00e9, isol\u00e9, modulaire<span class=\"ez-toc-section-end\"><\/span><\/h3>\n\n\n\n<p>Selon la cour, vous pouvez viser un abris \u00e9cole isol\u00e9 &#8220;au milieu de la cour&#8221;, ou au contraire un auvent attenant \u00e0 un b\u00e2timent (entr\u00e9e, pr\u00e9au de liaison, protection de zone logistique). La modularit\u00e9 est un point cl\u00e9 : pouvoir agrandir plus tard, juxtaposer des modules, ou ajouter des fermetures lat\u00e9rales (brise-vent, \u00e9tanch\u00e9it\u00e9 compl\u00e8te) aide \u00e0 faire durer l\u2019investissement.<\/p>\n\n\n\n<p><strong>En r\u00e9sum\u00e9, un pr\u00e9au \u00e9cole efficace se choisit d\u2019abord selon les flux, la surface r\u00e9ellement utile et la gestion de l\u2019eau.<\/strong><\/p>\n\n\n\n<h2 class=\"wp-block-heading\"><span class=\"ez-toc-section\" id=\"Preau_ecole_panorama_des_modeles_DALO_et_comment_les_associer_a_vos_contraintes\"><\/span>Pr\u00e9au \u00e9cole : panorama des mod\u00e8les DALO et comment les associer \u00e0 vos contraintes<span class=\"ez-toc-section-end\"><\/span><\/h2>\n\n\n\n<h3 class=\"wp-block-heading\"><span class=\"ez-toc-section\" id=\"Spacio_signature_design_recuperation_deau_centralisee\"><\/span>Spacio : signature design + r\u00e9cup\u00e9ration d\u2019eau centralis\u00e9e<span class=\"ez-toc-section-end\"><\/span><\/h3>\n\n\n\n<figure class=\"wp-block-image size-full\"><img loading=\"lazy\" decoding=\"async\" width=\"900\" height=\"300\" src=\"https:\/\/www.lusinedemains.com\/blog\/wp-content\/uploads\/2026\/03\/preau_ecole_dalo_spacio.jpg\" alt=\"pr\u00e9au \u00e9cole toile tendue dalo\" class=\"wp-image-1503\" srcset=\"https:\/\/www.lusinedemains.com\/blog\/wp-content\/uploads\/2026\/03\/preau_ecole_dalo_spacio.jpg 900w, https:\/\/www.lusinedemains.com\/blog\/wp-content\/uploads\/2026\/03\/preau_ecole_dalo_spacio-300x100.jpg 300w, https:\/\/www.lusinedemains.com\/blog\/wp-content\/uploads\/2026\/03\/preau_ecole_dalo_spacio-768x256.jpg 768w\" sizes=\"(max-width: 900px) 100vw, 900px\" \/><\/figure>\n\n\n\n<p><\/p>\n\n\n\n<p>Le <strong>pr\u00e9au Spacio<\/strong> se distingue par sa forme en impluvium, tr\u00e8s identifiable et moderne. Il est pr\u00e9vu pour r\u00e9sister jusqu\u2019\u00e0 <strong>60 kg de neige\/m\u00b2<\/strong> et <strong>166 km\/h de vent<\/strong>. Son point fort terrain : la r\u00e9cup\u00e9ration et l\u2019\u00e9vacuation des eaux via un <strong>collecteur central<\/strong> de grande capacit\u00e9, con\u00e7u pour faciliter l\u2019\u00e9coulement et la maintenance en cas de trop-plein.<\/p>\n\n\n\n<div class=\"wp-block-buttons is-content-justification-center is-layout-flex wp-container-core-buttons-layout-1 wp-block-buttons-is-layout-flex\">\n<div class=\"wp-block-button has-custom-width wp-block-button__width-75 has-custom-font-size has-medium-font-size\"><a class=\"wp-block-button__link has-accent-background-color has-background wp-element-button\" href=\"https:\/\/dalo.com\/preau\/preau-spacio\/\" target=\"_blank\" rel=\"noreferrer noopener\">D\u00e9couvrir le Pr\u00e9au Spacio<\/a><\/div>\n<\/div>\n\n\n\n<p><\/p>\n\n\n\n<h3 class=\"wp-block-heading\"><span class=\"ez-toc-section\" id=\"Orlando_Boston_grandes_hauteurs_de_passage_pour_circulation_et_adossement\"><\/span>Orlando \/ Boston : grandes hauteurs de passage pour circulation et adossement<span class=\"ez-toc-section-end\"><\/span><\/h3>\n\n\n\n<figure class=\"wp-block-image size-full is-resized\"><img loading=\"lazy\" decoding=\"async\" width=\"900\" height=\"300\" src=\"https:\/\/www.lusinedemains.com\/blog\/wp-content\/uploads\/2026\/03\/preau_ecole_dalo_orlando_boston.jpg\" alt=\"pr\u00e9au \u00e9cole fabrication toile tendue\" class=\"wp-image-1506\" style=\"width:820px;height:auto\" srcset=\"https:\/\/www.lusinedemains.com\/blog\/wp-content\/uploads\/2026\/03\/preau_ecole_dalo_orlando_boston.jpg 900w, https:\/\/www.lusinedemains.com\/blog\/wp-content\/uploads\/2026\/03\/preau_ecole_dalo_orlando_boston-300x100.jpg 300w, https:\/\/www.lusinedemains.com\/blog\/wp-content\/uploads\/2026\/03\/preau_ecole_dalo_orlando_boston-768x256.jpg 768w\" sizes=\"(max-width: 900px) 100vw, 900px\" \/><\/figure>\n\n\n\n<p><\/p>\n\n\n\n<p><strong>Le pr\u00e9au Orlando<\/strong> facilite les circulations avec jusqu\u2019\u00e0 <strong>2,60 m<\/strong> de hauteur de passage. Cela trouve rapidement son int\u00e9r\u00eat lorsque la cour impose des contraintes de gabarit (v\u00e9hicules, services, acc\u00e8s sp\u00e9cifiques). R\u00e9sistances : <strong>45 kg de neige\/m\u00b2<\/strong> et <strong>130 km\/h de vent<\/strong>.<br><strong>Le pr\u00e9au Boston<\/strong> monte jusqu\u2019\u00e0 <strong>3,75 m<\/strong> de hauteur de passage.  Une solution typique en mode auvent attenant (entr\u00e9e, abri, protection de zone de livraison). Il supporte jusqu\u2019\u00e0 <strong>60 kg de neige\/m\u00b2<\/strong>.<\/p>\n\n\n\n<div class=\"wp-block-buttons is-content-justification-center is-layout-flex wp-container-core-buttons-layout-2 wp-block-buttons-is-layout-flex\">\n<div class=\"wp-block-button has-custom-width wp-block-button__width-75 has-custom-font-size has-medium-font-size\"><a class=\"wp-block-button__link has-accent-background-color has-background wp-element-button\" href=\"https:\/\/dalo.com\/preau\/preau-orlando-boston\/\" target=\"_blank\" rel=\"noreferrer noopener\">D\u00e9couvrir les Pr\u00e9aux Ornando et Boston<\/a><\/div>\n<\/div>\n\n\n\n<p><\/p>\n\n\n\n<h3 class=\"wp-block-heading\"><span class=\"ez-toc-section\" id=\"Miami_Club_modularite_et_evolutivite_ecole_creche_multi-zones\"><\/span>Miami \/ Club : modularit\u00e9 et \u00e9volutivit\u00e9 (\u00e9cole, cr\u00e8che, multi-zones)<span class=\"ez-toc-section-end\"><\/span><\/h3>\n\n\n\n<figure class=\"wp-block-image size-full\"><img loading=\"lazy\" decoding=\"async\" width=\"900\" height=\"300\" src=\"https:\/\/www.lusinedemains.com\/blog\/wp-content\/uploads\/2026\/03\/preau_ecole_dalo_miami_club.jpg\" alt=\"pr\u00e9au \u00e9cole abris scolaire dalo\" class=\"wp-image-1508\" srcset=\"https:\/\/www.lusinedemains.com\/blog\/wp-content\/uploads\/2026\/03\/preau_ecole_dalo_miami_club.jpg 900w, https:\/\/www.lusinedemains.com\/blog\/wp-content\/uploads\/2026\/03\/preau_ecole_dalo_miami_club-300x100.jpg 300w, https:\/\/www.lusinedemains.com\/blog\/wp-content\/uploads\/2026\/03\/preau_ecole_dalo_miami_club-768x256.jpg 768w\" sizes=\"(max-width: 900px) 100vw, 900px\" \/><\/figure>\n\n\n\n<p><\/p>\n\n\n\n<p><strong>Le pr\u00e9au Miami <\/strong>(structure 4 poteaux) prot\u00e8ge <strong>9 \u00e0 100 m\u00b2<\/strong> avec une seule structure. Par ailleurs, il peut \u00eatre <strong>juxtapos\u00e9 \u00e0 l\u2019infini<\/strong> en conservant l\u2019\u00e9tanch\u00e9it\u00e9 entre modules gr\u00e2ce aux \u00e9l\u00e9ments de jonction. Il peut aussi recevoir des <strong>fermetures lat\u00e9rales<\/strong> (baies vitr\u00e9es, panneaux sandwich, toile\u2026) d\u00e8s l\u2019installation ou plus tard, en brise-vent ou en \u00e9tanch\u00e9it\u00e9 compl\u00e8te. C\u00f4t\u00e9 cadence, l\u2019installation peut aller \u201cjusqu\u2019\u00e0 100 m\u00b2 par jour\u201d selon configuration.<br><strong>Le pr\u00e9au Club<\/strong>, au format carr\u00e9, vise les zones tr\u00e8s expos\u00e9es avec une r\u00e9sistance jusqu\u2019\u00e0 <strong>183 km\/h de vent<\/strong>. C&#8217;est tout particuli\u00e8rement int\u00e9ressant pour des sites littoraux ou des cours particuli\u00e8rement vent\u00e9es.<\/p>\n\n\n\n<div class=\"wp-block-buttons is-content-justification-center is-layout-flex wp-container-core-buttons-layout-3 wp-block-buttons-is-layout-flex\">\n<div class=\"wp-block-button has-custom-width wp-block-button__width-75 has-custom-font-size has-medium-font-size\"><a class=\"wp-block-button__link has-accent-background-color has-background wp-element-button\" href=\"https:\/\/dalo.com\/preau\/preau-miam-club\/\" target=\"_blank\" rel=\"noreferrer noopener\">D\u00e9couvrez les Pr\u00e9aux Miami et Club<\/a><\/div>\n<\/div>\n\n\n\n<p><\/p>\n\n\n\n<h3 class=\"wp-block-heading\"><span class=\"ez-toc-section\" id=\"Diamant_Calypso_maximiser_la_surface_utile_et_viser_les_conditions_extremes\"><\/span>Diamant \/ Calypso : maximiser la surface utile et viser les conditions extr\u00eames<span class=\"ez-toc-section-end\"><\/span><\/h3>\n\n\n\n<figure class=\"wp-block-image size-full\"><img loading=\"lazy\" decoding=\"async\" width=\"900\" height=\"300\" src=\"https:\/\/www.lusinedemains.com\/blog\/wp-content\/uploads\/2026\/03\/preau_ecole_dalo_diamant_calypso.jpg\" alt=\"\" class=\"wp-image-1511\" srcset=\"https:\/\/www.lusinedemains.com\/blog\/wp-content\/uploads\/2026\/03\/preau_ecole_dalo_diamant_calypso.jpg 900w, https:\/\/www.lusinedemains.com\/blog\/wp-content\/uploads\/2026\/03\/preau_ecole_dalo_diamant_calypso-300x100.jpg 300w, https:\/\/www.lusinedemains.com\/blog\/wp-content\/uploads\/2026\/03\/preau_ecole_dalo_diamant_calypso-768x256.jpg 768w\" sizes=\"(max-width: 900px) 100vw, 900px\" \/><\/figure>\n\n\n\n<p><\/p>\n\n\n\n<p><strong>Le pr\u00e9au Diamant<\/strong> est con\u00e7u pour couvrir beaucoup de surface avec un <strong>pied d\u00e9port\u00e9<\/strong>. On lib\u00e8re alors l\u2019espace au sol et on limite les obstacles dans les circulations. Il couvre <strong>16 \u00e0 100 m\u00b2<\/strong> et propose de nombreuses configurations (juxtaposition, forme en L\u2026). R\u00e9sistances annonc\u00e9es : <strong>45 kg de neige\/m\u00b2<\/strong> et <strong>130 km\/h de vent<\/strong>.<br><strong>Le pr\u00e9au Calypso<\/strong> cible les r\u00e9gions \u00e0 forte pression de vent et fortes charges de neige : jusqu\u2019\u00e0 <strong>90 kg de neige\/m\u00b2<\/strong> et <strong>183 km\/h de vent<\/strong>.<\/p>\n\n\n\n<div class=\"wp-block-buttons is-content-justification-center is-layout-flex wp-container-core-buttons-layout-4 wp-block-buttons-is-layout-flex\">\n<div class=\"wp-block-button has-custom-width wp-block-button__width-75 has-custom-font-size has-medium-font-size\"><a class=\"wp-block-button__link has-accent-background-color has-background wp-element-button\" href=\"https:\/\/dalo.com\/preau\/preau-diamant-calypso\/\" target=\"_blank\" rel=\"noreferrer noopener\">D\u00e9couvrez les Pr\u00e9aux Diamant et Calypso<\/a><\/div>\n<\/div>\n\n\n\n<p><\/p>\n\n\n\n<h3 class=\"wp-block-heading\"><span class=\"ez-toc-section\" id=\"Capri_accueil_du_public_et_poteau_deporte_centre\"><\/span>Capri : accueil du public et poteau d\u00e9port\u00e9 centr\u00e9<span class=\"ez-toc-section-end\"><\/span><\/h3>\n\n\n\n<figure class=\"wp-block-image size-full is-resized\"><img loading=\"lazy\" decoding=\"async\" width=\"900\" height=\"300\" src=\"https:\/\/www.lusinedemains.com\/blog\/wp-content\/uploads\/2026\/03\/preau_ecole_dalo_capri.jpg\" alt=\"\" class=\"wp-image-1512\" style=\"width:820px;height:auto\" srcset=\"https:\/\/www.lusinedemains.com\/blog\/wp-content\/uploads\/2026\/03\/preau_ecole_dalo_capri.jpg 900w, https:\/\/www.lusinedemains.com\/blog\/wp-content\/uploads\/2026\/03\/preau_ecole_dalo_capri-300x100.jpg 300w, https:\/\/www.lusinedemains.com\/blog\/wp-content\/uploads\/2026\/03\/preau_ecole_dalo_capri-768x256.jpg 768w\" sizes=\"(max-width: 900px) 100vw, 900px\" \/><\/figure>\n\n\n\n<p><\/p>\n\n\n\n<p><strong>Le pr\u00e9au Capri<\/strong> est un mod\u00e8le modulaire et permanent avec un poteau d\u00e9port\u00e9 centr\u00e9. Il offre jusqu\u2019\u00e0 <strong>49 m\u00b2<\/strong> de surface couverte. Par ailleurs il est particuli\u00e8rement pertinent en configuration d\u2019auvent \u00e0 l\u2019entr\u00e9e d\u2019un b\u00e2timent public (accueil, zone d\u2019attente, circulation), car son poteau central lib\u00e8re une surface prot\u00e9g\u00e9e et lisible pour les usagers. Comme les autres pr\u00e9aux DALO, il est con\u00e7u pour une forte tenue aux intemp\u00e9ries. Sa r\u00e9sistance est pr\u00e9vue jusqu\u2019\u00e0 <strong>90 kg de neige\/m\u00b2<\/strong> et <strong>183 km\/h de vent<\/strong>.<\/p>\n\n\n\n<div class=\"wp-block-buttons is-content-justification-center is-layout-flex wp-container-core-buttons-layout-5 wp-block-buttons-is-layout-flex\">\n<div class=\"wp-block-button has-custom-width wp-block-button__width-75 has-custom-font-size has-medium-font-size\"><a class=\"wp-block-button__link has-accent-background-color has-background wp-element-button\" href=\"https:\/\/dalo.com\/preau\/preau-capri\/\" target=\"_blank\" rel=\"noreferrer noopener\">D\u00e9couvrez le Pr\u00e9au Capri<\/a><\/div>\n<\/div>\n\n\n\n<p><\/p>\n\n\n\n<h3 class=\"wp-block-heading\"><span class=\"ez-toc-section\" id=\"Azur_modele_%E2%80%9Cparapluie%E2%80%9D_et_evacuation_deau_peripherique\"><\/span>Azur : mod\u00e8le &#8220;parapluie&#8221; et \u00e9vacuation d\u2019eau p\u00e9riph\u00e9rique<span class=\"ez-toc-section-end\"><\/span><\/h3>\n\n\n\n<figure class=\"wp-block-image size-full\"><img loading=\"lazy\" decoding=\"async\" width=\"900\" height=\"300\" src=\"https:\/\/www.lusinedemains.com\/blog\/wp-content\/uploads\/2026\/03\/preau_ecole_azur.jpg\" alt=\"\" class=\"wp-image-1513\" srcset=\"https:\/\/www.lusinedemains.com\/blog\/wp-content\/uploads\/2026\/03\/preau_ecole_azur.jpg 900w, https:\/\/www.lusinedemains.com\/blog\/wp-content\/uploads\/2026\/03\/preau_ecole_azur-300x100.jpg 300w, https:\/\/www.lusinedemains.com\/blog\/wp-content\/uploads\/2026\/03\/preau_ecole_azur-768x256.jpg 768w\" sizes=\"(max-width: 900px) 100vw, 900px\" \/><\/figure>\n\n\n\n<p><\/p>\n\n\n\n<p><strong>Le pr\u00e9au Azur<\/strong> est un pr\u00e9au &#8220;parapluie&#8221; modulaire et permanent. Avec son m\u00e2t central, il propose lui aussi jusqu\u2019\u00e0 <strong>49 m\u00b2<\/strong> de surface couverte. Il reprend une r\u00e9sistance \u00e9lev\u00e9e, jusqu\u2019\u00e0 <strong>90 kg de neige\/m\u00b2<\/strong> et <strong>183 km\/h de vent<\/strong>, ce qui le rend adapt\u00e9 aux sites expos\u00e9s. Son atout distinctif : des <strong>goutti\u00e8res positionn\u00e9es sur toute la p\u00e9riph\u00e9rie<\/strong> de la coupole. La r\u00e9cup\u00e9ration et l\u2019\u00e9vacuation centralis\u00e9es des eaux pluviales en sont grandement facilit\u00e9es, utile pour maintenir des circulations plus confortables en cas de fortes pr\u00e9cipitations.<\/p>\n\n\n\n<div class=\"wp-block-buttons is-content-justification-center is-layout-flex wp-container-core-buttons-layout-6 wp-block-buttons-is-layout-flex\">\n<div class=\"wp-block-button has-custom-width wp-block-button__width-75 has-custom-font-size has-medium-font-size\"><a class=\"wp-block-button__link has-accent-background-color has-background has-text-align-center wp-element-button\">D\u00e9couvrir le Pr\u00e9au Azur<\/a><\/div>\n<\/div>\n\n\n\n<p><\/p>\n\n\n\n<blockquote class=\"wp-block-quote\">\n<p>\ud83d\udca1 Bon \u00e0 savoir<br>En abris scolaire, l\u2019\u00e9vacuation des eaux est un point critique : une mauvaise pente ou un rejet mal plac\u00e9 cr\u00e9e vite des zones glissantes. Pr\u00e9voyez d\u00e8s le d\u00e9part o\u00f9 l\u2019eau &#8220;tombe&#8221; et o\u00f9 elle est \u00e9vacu\u00e9e.<\/p>\n<\/blockquote>\n\n\n\n<p><strong>Concr\u00e8tement, pour un pr\u00e9au \u00e9cole, vous gagnez en fiabilit\u00e9 en liant le choix du mod\u00e8le \u00e0 la hauteur de passage, \u00e0 la modularit\u00e9 et \u00e0 la gestion des eaux.<\/strong><\/p>\n\n\n\n<h2 class=\"wp-block-heading\"><span class=\"ez-toc-section\" id=\"Fabrication_francaise_durabilite_et_toile_tendue_ce_qui_fait_la_difference_sur_un_abris_ecole\"><\/span>Fabrication fran\u00e7aise, durabilit\u00e9 et toile tendue : ce qui fait la diff\u00e9rence sur un abris \u00e9cole<span class=\"ez-toc-section-end\"><\/span><\/h2>\n\n\n\n<figure class=\"wp-block-image size-large\"><img loading=\"lazy\" decoding=\"async\" width=\"1024\" height=\"431\" src=\"https:\/\/www.lusinedemains.com\/blog\/wp-content\/uploads\/2024\/11\/bache-au-rouleau-2-1024x431.jpg\" alt=\"\" class=\"wp-image-679\" srcset=\"https:\/\/www.lusinedemains.com\/blog\/wp-content\/uploads\/2024\/11\/bache-au-rouleau-2-1024x431.jpg 1024w, https:\/\/www.lusinedemains.com\/blog\/wp-content\/uploads\/2024\/11\/bache-au-rouleau-2-300x126.jpg 300w, https:\/\/www.lusinedemains.com\/blog\/wp-content\/uploads\/2024\/11\/bache-au-rouleau-2-768x323.jpg 768w, https:\/\/www.lusinedemains.com\/blog\/wp-content\/uploads\/2024\/11\/bache-au-rouleau-2-1536x647.jpg 1536w, https:\/\/www.lusinedemains.com\/blog\/wp-content\/uploads\/2024\/11\/bache-au-rouleau-2.jpg 1900w\" sizes=\"(max-width: 1024px) 100vw, 1024px\" \/><\/figure>\n\n\n\n<p><\/p>\n\n\n\n<p>La performance d\u2019un abris \u00e9cole en toile tendue se joue sur la conception. Mais aussi sur la qualit\u00e9 de la toile et des finitions, car l\u2019usage est intensif et r\u00e9p\u00e9t\u00e9. <a href=\"https:\/\/www.lusinedemains.com\/i\/about-us\" target=\"_blank\" rel=\"noreferrer noopener\">La fabrication fran\u00e7aise et le savoir-faire du groupe BHD<\/a> s\u00e9curisent la tenue dans le temps avec des toiles techniques pens\u00e9es pour r\u00e9sister aux intemp\u00e9ries et \u00e0 la contrainte quotidienne (tension, vieillissement, exposition). <\/p>\n\n\n\n<p class=\"has-text-align-center\"><strong>Une question sur nos abris, un projet de pr\u00e9au d&#8217;\u00e9cole ? <\/strong><\/p>\n\n\n\n<div class=\"wp-block-buttons is-content-justification-center is-layout-flex wp-container-core-buttons-layout-7 wp-block-buttons-is-layout-flex\">\n<div class=\"wp-block-button has-custom-width wp-block-button__width-100 has-custom-font-size has-medium-font-size\"><a class=\"wp-block-button__link has-base-2-color has-accent-background-color has-text-color has-background has-link-color wp-element-button\" href=\"https:\/\/dalo.com\/contact\/\" target=\"_blank\" rel=\"noreferrer noopener\">Contacter les \u00e9quipes Dalo<\/a><\/div>\n<\/div>\n\n\n\n<p><\/p>\n\n\n\n<h2 class=\"wp-block-heading\"><span class=\"ez-toc-section\" id=\"Mini_FAQ\"><\/span>Mini FAQ<span class=\"ez-toc-section-end\"><\/span><\/h2>\n\n\n\n<p>Q : Quel mod\u00e8le choisir pour un pr\u00e9au \u00e9cole dans une zone tr\u00e8s vent\u00e9e ?<br>Si votre site est expos\u00e9 (littoral, couloir de vent, cour ouverte), privil\u00e9giez une solution pr\u00e9vue pour de fortes vitesses de vent. Le pr\u00e9au CLUB et le pr\u00e9au Calypso affichent jusqu\u2019\u00e0 183 km\/h. V\u00e9rifiez aussi la configuration (adoss\u00e9\/isol\u00e9), les ancrages et la gestion des fermetures lat\u00e9rales.<\/p>\n\n\n\n<p>Q : Peut-on faire \u00e9voluer un abris Dalo apr\u00e8s installation (agrandir ou fermer) ?<br>Oui, selon les gammes. Le pr\u00e9au MIAMI est con\u00e7u pour \u00eatre juxtapos\u00e9 et conserver l\u2019\u00e9tanch\u00e9it\u00e9 entre modules, ce qui facilite l\u2019extension. Il peut aussi recevoir des fermetures lat\u00e9rales (toile, panneaux, vitrages) d\u00e8s la pose ou plus tard ; en simple brise-vent ou en fermeture \u00e9tanche.<\/p>\n\n\n\n<p>Q : Comment \u00e9viter les erreurs courantes sur un pr\u00e9au cr\u00e8che ou un abris \u00e9cole ?<br>\u00c9vitez de raisonner uniquement &#8220;surface couverte&#8221;. Analysez les flux, les points d\u2019attente, la hauteur de passage et surtout l\u2019\u00e9vacuation des eaux. L\u00e0 o\u00f9 l\u2019eau est r\u00e9cup\u00e9r\u00e9e et rejet\u00e9e compte autant que la toile. Anticipez aussi les obstacles au sol (poteaux) et la possibilit\u00e9 d\u2019extension si l\u2019\u00e9tablissement \u00e9volue.<\/p>\n\n\n\n<h2 class=\"wp-block-heading\"><span class=\"ez-toc-section\" id=\"Conclusion\"><\/span>Conclusion<span class=\"ez-toc-section-end\"><\/span><\/h2>\n\n\n\n<p>Un pr\u00e9au \u00e9cole en toile tendue est une solution d\u2019am\u00e9nagement ext\u00e9rieur claire. Vous couvrez des zones utiles, vous s\u00e9curisez les circulations et vous am\u00e9liorez le confort par tous les temps. Les solutions DALO r\u00e9pondent \u00e0 des contextes tr\u00e8s diff\u00e9rents. Du pr\u00e9au design avec r\u00e9cup\u00e9ration d\u2019eau aux structures modulaires extensibles, jusqu\u2019aux mod\u00e8les pour zones extr\u00eames. Pour un projet de collectivit\u00e9, l\u2019essentiel est d\u2019aligner usage, contraintes m\u00e9t\u00e9o, implantation et gestion de l\u2019eau, afin d\u2019obtenir un abris scolaire durable et simple \u00e0 exploiter.<\/p>\n\n\n\n<hr class=\"wp-block-separator has-alpha-channel-opacity\"\/>\n\n\n\n<p class=\"is-style-default has-small-font-size\">\ud83d\udcccA lire aussi : <\/p>\n\n\n\n<figure class=\"wp-block-embed is-type-wp-embed is-provider-lusinedemains wp-block-embed-lusinedemains\"><div class=\"wp-block-embed__wrapper\">\n<blockquote class=\"wp-embedded-content\" data-secret=\"9yVpEjcJYb\"><a href=\"https:\/\/www.lusinedemains.com\/blog\/bache-professionnelle-650-ou-900\/\">B\u00e2che professionnelle : PVC 650 g vs 900 g, quel grammage choisir ?<\/a><\/blockquote><iframe class=\"wp-embedded-content\" sandbox=\"allow-scripts\" security=\"restricted\" style=\"position: absolute; clip: rect(1px, 1px, 1px, 1px);\" title=\"\u00ab\u00a0B\u00e2che professionnelle : PVC 650 g vs 900 g, quel grammage choisir ?\u00a0\u00bb &#8212; LUSINEDEMAINS\" src=\"https:\/\/www.lusinedemains.com\/blog\/bache-professionnelle-650-ou-900\/embed\/#?secret=JAfKmAWDrX#?secret=9yVpEjcJYb\" data-secret=\"9yVpEjcJYb\" width=\"600\" height=\"338\" frameborder=\"0\" marginwidth=\"0\" marginheight=\"0\" scrolling=\"no\"><\/iframe>\n<\/div><\/figure>\n","protected":false},"excerpt":{"rendered":"<p>Le pr\u00e9au d&#8217;\u00e9cole en toile tendue r\u00e9pond aux besoins d\u2019abris scolaire rapides \u00e0 installer, durables et adapt\u00e9s \u00e0 la vie quotidienne d\u2019un \u00e9tablissement. Les solutions d&#8217;abris Dalo combinent une structure l\u00e9g\u00e8re, une protection fiable contre pluie\/vent\/neige et des options de modularit\u00e9 (juxtaposition, fermetures lat\u00e9rales, hauteurs de passage). Pens\u00e9s pour les collectivit\u00e9s, ces abris \u00e9cole s\u2019int\u00e8grent &#8230; <a title=\"Choisir un pr\u00e9au \u00e9cole Dalo en toile tendue pour un am\u00e9nagement durable\" class=\"read-more\" href=\"https:\/\/www.lusinedemains.com\/blog\/preau-ecole\/\" aria-label=\"Read more about Choisir un pr\u00e9au \u00e9cole Dalo en toile tendue pour un am\u00e9nagement durable\">Read more<\/a><\/p>\n","protected":false},"author":1,"featured_media":1523,"comment_status":"closed","ping_status":"closed","sticky":false,"template":"","format":"standard","meta":{"footnotes":""},"categories":[109],"tags":[],"yoast_head":"<!-- This site is optimized with the Yoast SEO plugin v22.6 - https:\/\/yoast.com\/wordpress\/plugins\/seo\/ -->\n<title>Pr\u00e9au \u00e9cole Dalo en toile tendue pour un am\u00e9nagement durable<\/title>\n<meta name=\"description\" content=\"Pr\u00e9au \u00e9cole en toile tendue : mod\u00e8les DALO, r\u00e9sistances vent\/neige, modularit\u00e9, gestion des eaux et fabrication fran\u00e7aise pour collectivit\u00e9s.\" \/>\n<meta name=\"robots\" content=\"index, follow, max-snippet:-1, max-image-preview:large, max-video-preview:-1\" \/>\n<link rel=\"canonical\" href=\"https:\/\/www.lusinedemains.com\/blog\/preau-ecole\/\" \/>\n<meta property=\"og:locale\" content=\"fr_FR\" \/>\n<meta property=\"og:type\" content=\"article\" \/>\n<meta property=\"og:title\" content=\"Pr\u00e9au \u00e9cole Dalo en toile tendue pour un am\u00e9nagement durable\" \/>\n<meta property=\"og:description\" content=\"Pr\u00e9au \u00e9cole en toile tendue : mod\u00e8les DALO, r\u00e9sistances vent\/neige, modularit\u00e9, gestion des eaux et fabrication fran\u00e7aise pour collectivit\u00e9s.\" \/>\n<meta property=\"og:url\" content=\"https:\/\/www.lusinedemains.com\/blog\/preau-ecole\/\" \/>\n<meta property=\"og:site_name\" content=\"LUSINEDEMAINS\" \/>\n<meta property=\"article:published_time\" content=\"2026-03-03T14:34:01+00:00\" \/>\n<meta property=\"article:modified_time\" content=\"2026-03-03T14:34:02+00:00\" \/>\n<meta property=\"og:image\" content=\"https:\/\/www.lusinedemains.com\/blog\/wp-content\/uploads\/2026\/03\/preau_dalo_zoo_beauval.jpg\" \/>\n\t<meta property=\"og:image:width\" content=\"900\" \/>\n\t<meta property=\"og:image:height\" content=\"300\" \/>\n\t<meta property=\"og:image:type\" content=\"image\/jpeg\" \/>\n<meta name=\"author\" content=\"L&#039;Usine Demains\" \/>\n<meta name=\"twitter:card\" content=\"summary_large_image\" \/>\n<meta name=\"twitter:label1\" content=\"Written by\" \/>\n\t<meta name=\"twitter:data1\" content=\"L'Usine Demains\" \/>\n\t<meta name=\"twitter:label2\" content=\"Est. reading time\" \/>\n\t<meta name=\"twitter:data2\" content=\"9 minutes\" \/>\n<!-- \/ Yoast SEO plugin. -->","yoast_head_json":{"title":"Pr\u00e9au \u00e9cole Dalo en toile tendue pour un am\u00e9nagement durable","description":"Pr\u00e9au \u00e9cole en toile tendue : mod\u00e8les DALO, r\u00e9sistances vent\/neige, modularit\u00e9, gestion des eaux et fabrication fran\u00e7aise pour collectivit\u00e9s.","robots":{"index":"index","follow":"follow","max-snippet":"max-snippet:-1","max-image-preview":"max-image-preview:large","max-video-preview":"max-video-preview:-1"},"canonical":"https:\/\/www.lusinedemains.com\/blog\/preau-ecole\/","og_locale":"fr_FR","og_type":"article","og_title":"Pr\u00e9au \u00e9cole Dalo en toile tendue pour un am\u00e9nagement durable","og_description":"Pr\u00e9au \u00e9cole en toile tendue : mod\u00e8les DALO, r\u00e9sistances vent\/neige, modularit\u00e9, gestion des eaux et fabrication fran\u00e7aise pour collectivit\u00e9s.","og_url":"https:\/\/www.lusinedemains.com\/blog\/preau-ecole\/","og_site_name":"LUSINEDEMAINS","article_published_time":"2026-03-03T14:34:01+00:00","article_modified_time":"2026-03-03T14:34:02+00:00","og_image":[{"width":900,"height":300,"url":"https:\/\/www.lusinedemains.com\/blog\/wp-content\/uploads\/2026\/03\/preau_dalo_zoo_beauval.jpg","type":"image\/jpeg"}],"author":"L'Usine Demains","twitter_card":"summary_large_image","twitter_misc":{"Written by":"L'Usine Demains","Est. reading time":"9 minutes"},"schema":{"@context":"https:\/\/schema.org","@graph":[{"@type":"Article","@id":"https:\/\/www.lusinedemains.com\/blog\/preau-ecole\/#article","isPartOf":{"@id":"https:\/\/www.lusinedemains.com\/blog\/preau-ecole\/"},"author":{"name":"L'Usine Demains","@id":"https:\/\/www.lusinedemains.com\/blog\/#\/schema\/person\/32200879e3b42ef1728ffd844404166a"},"headline":"Choisir un pr\u00e9au \u00e9cole Dalo en toile tendue pour un am\u00e9nagement durable","datePublished":"2026-03-03T14:34:01+00:00","dateModified":"2026-03-03T14:34:02+00:00","mainEntityOfPage":{"@id":"https:\/\/www.lusinedemains.com\/blog\/preau-ecole\/"},"wordCount":1662,"publisher":{"@id":"https:\/\/www.lusinedemains.com\/blog\/#organization"},"image":{"@id":"https:\/\/www.lusinedemains.com\/blog\/preau-ecole\/#primaryimage"},"thumbnailUrl":"https:\/\/www.lusinedemains.com\/blog\/wp-content\/uploads\/2026\/03\/preau_dalo_zoo_beauval.jpg","articleSection":["Tonnelle"],"inLanguage":"fr-FR"},{"@type":"WebPage","@id":"https:\/\/www.lusinedemains.com\/blog\/preau-ecole\/","url":"https:\/\/www.lusinedemains.com\/blog\/preau-ecole\/","name":"Pr\u00e9au \u00e9cole Dalo en toile tendue pour un am\u00e9nagement durable","isPartOf":{"@id":"https:\/\/www.lusinedemains.com\/blog\/#website"},"primaryImageOfPage":{"@id":"https:\/\/www.lusinedemains.com\/blog\/preau-ecole\/#primaryimage"},"image":{"@id":"https:\/\/www.lusinedemains.com\/blog\/preau-ecole\/#primaryimage"},"thumbnailUrl":"https:\/\/www.lusinedemains.com\/blog\/wp-content\/uploads\/2026\/03\/preau_dalo_zoo_beauval.jpg","datePublished":"2026-03-03T14:34:01+00:00","dateModified":"2026-03-03T14:34:02+00:00","description":"Pr\u00e9au \u00e9cole en toile tendue : mod\u00e8les DALO, r\u00e9sistances vent\/neige, modularit\u00e9, gestion des eaux et fabrication fran\u00e7aise pour collectivit\u00e9s.","breadcrumb":{"@id":"https:\/\/www.lusinedemains.com\/blog\/preau-ecole\/#breadcrumb"},"inLanguage":"fr-FR","potentialAction":[{"@type":"ReadAction","target":["https:\/\/www.lusinedemains.com\/blog\/preau-ecole\/"]}]},{"@type":"ImageObject","inLanguage":"fr-FR","@id":"https:\/\/www.lusinedemains.com\/blog\/preau-ecole\/#primaryimage","url":"https:\/\/www.lusinedemains.com\/blog\/wp-content\/uploads\/2026\/03\/preau_dalo_zoo_beauval.jpg","contentUrl":"https:\/\/www.lusinedemains.com\/blog\/wp-content\/uploads\/2026\/03\/preau_dalo_zoo_beauval.jpg","width":900,"height":300,"caption":"pr\u00e9au toile tendue fabricant"},{"@type":"BreadcrumbList","@id":"https:\/\/www.lusinedemains.com\/blog\/preau-ecole\/#breadcrumb","itemListElement":[{"@type":"ListItem","position":1,"name":"Home","item":"https:\/\/www.lusinedemains.com\/blog\/"},{"@type":"ListItem","position":2,"name":"Choisir un pr\u00e9au \u00e9cole Dalo en toile tendue pour un am\u00e9nagement durable"}]},{"@type":"WebSite","@id":"https:\/\/www.lusinedemains.com\/blog\/#website","url":"https:\/\/www.lusinedemains.com\/blog\/","name":"LUSINEDEMAINS","description":"Nos conseils et astuces","publisher":{"@id":"https:\/\/www.lusinedemains.com\/blog\/#organization"},"potentialAction":[{"@type":"SearchAction","target":{"@type":"EntryPoint","urlTemplate":"https:\/\/www.lusinedemains.com\/blog\/?s={search_term_string}"},"query-input":"required name=search_term_string"}],"inLanguage":"fr-FR"},{"@type":"Organization","@id":"https:\/\/www.lusinedemains.com\/blog\/#organization","name":"LUSINEDEMAINS","url":"https:\/\/www.lusinedemains.com\/blog\/","logo":{"@type":"ImageObject","inLanguage":"fr-FR","@id":"https:\/\/www.lusinedemains.com\/blog\/#\/schema\/logo\/image\/","url":"https:\/\/www.lusinedemains.com\/blog\/wp-content\/uploads\/2024\/03\/cropped-logo-lusinedemains.jpg","contentUrl":"https:\/\/www.lusinedemains.com\/blog\/wp-content\/uploads\/2024\/03\/cropped-logo-lusinedemains.jpg","width":317,"height":70,"caption":"LUSINEDEMAINS"},"image":{"@id":"https:\/\/www.lusinedemains.com\/blog\/#\/schema\/logo\/image\/"}},{"@type":"Person","@id":"https:\/\/www.lusinedemains.com\/blog\/#\/schema\/person\/32200879e3b42ef1728ffd844404166a","name":"L'Usine Demains","image":{"@type":"ImageObject","inLanguage":"fr-FR","@id":"https:\/\/www.lusinedemains.com\/blog\/#\/schema\/person\/image\/","url":"https:\/\/secure.gravatar.com\/avatar\/1da141be595798ee1675dc3c6682643a?s=96&d=mm&r=g","contentUrl":"https:\/\/secure.gravatar.com\/avatar\/1da141be595798ee1675dc3c6682643a?s=96&d=mm&r=g","caption":"L'Usine Demains"},"sameAs":["https:\/\/www.lusinedemains.com\/bhd-wp"],"url":"https:\/\/www.lusinedemains.com\/blog\/author\/admin\/"}]}},"_links":{"self":[{"href":"https:\/\/www.lusinedemains.com\/blog\/wp-json\/wp\/v2\/posts\/1501"}],"collection":[{"href":"https:\/\/www.lusinedemains.com\/blog\/wp-json\/wp\/v2\/posts"}],"about":[{"href":"https:\/\/www.lusinedemains.com\/blog\/wp-json\/wp\/v2\/types\/post"}],"author":[{"embeddable":true,"href":"https:\/\/www.lusinedemains.com\/blog\/wp-json\/wp\/v2\/users\/1"}],"replies":[{"embeddable":true,"href":"https:\/\/www.lusinedemains.com\/blog\/wp-json\/wp\/v2\/comments?post=1501"}],"version-history":[{"count":22,"href":"https:\/\/www.lusinedemains.com\/blog\/wp-json\/wp\/v2\/posts\/1501\/revisions"}],"predecessor-version":[{"id":1530,"href":"https:\/\/www.lusinedemains.com\/blog\/wp-json\/wp\/v2\/posts\/1501\/revisions\/1530"}],"wp:featuredmedia":[{"embeddable":true,"href":"https:\/\/www.lusinedemains.com\/blog\/wp-json\/wp\/v2\/media\/1523"}],"wp:attachment":[{"href":"https:\/\/www.lusinedemains.com\/blog\/wp-json\/wp\/v2\/media?parent=1501"}],"wp:term":[{"taxonomy":"category","embeddable":true,"href":"https:\/\/www.lusinedemains.com\/blog\/wp-json\/wp\/v2\/categories?post=1501"},{"taxonomy":"post_tag","embeddable":true,"href":"https:\/\/www.lusinedemains.com\/blog\/wp-json\/wp\/v2\/tags?post=1501"}],"curies":[{"name":"wp","href":"https:\/\/api.w.org\/{rel}","templated":true}]}}