{"id":1277,"date":"2025-08-26T08:22:28","date_gmt":"2025-08-26T08:22:28","guid":{"rendered":"https:\/\/www.lusinedemains.com\/blog\/?p=1277"},"modified":"2025-08-26T08:22:29","modified_gmt":"2025-08-26T08:22:29","slug":"bache-de-terrasse","status":"publish","type":"post","link":"https:\/\/www.lusinedemains.com\/blog\/bache-de-terrasse\/","title":{"rendered":"Comment bien choisir sa b\u00e2che de terrasse selon l\u2019exposition au vent et au soleil ?"},"content":{"rendered":"\n<h2 class=\"wp-block-heading\"><span class=\"ez-toc-section\" id=\"Pourquoi_la_toile_de_terrasse_doit_sadapter_a_son_environnement\"><\/span>Pourquoi la toile de terrasse doit s\u2019adapter \u00e0 son environnement<span class=\"ez-toc-section-end\"><\/span><\/h2>\n\n\n\n<p>Une b\u00e2che de terrasse ne se choisit pas comme un simple tissu tendu au-dessus d\u2019un espace ext\u00e9rieur. Elle doit composer avec deux ennemis redoutables : le vent qui arrache, le soleil qui ass\u00e8che. Mal choisie, elle claque, se d\u00e9chire ou jaunit pr\u00e9matur\u00e9ment. Bien pens\u00e9e, elle devient un bouclier discret et durable. Autrement dit : ne laissez pas les \u00e9l\u00e9ments d\u00e9cider \u00e0 votre place.<\/p><div id=\"ez-toc-container\" class=\"ez-toc-v2_0_73 counter-hierarchy ez-toc-counter ez-toc-grey ez-toc-container-direction\">\n<div class=\"ez-toc-title-container\">\n<p class=\"ez-toc-title\" style=\"cursor:inherit\">Au programme<\/p>\n<span class=\"ez-toc-title-toggle\"><a href=\"#\" class=\"ez-toc-pull-right ez-toc-btn ez-toc-btn-xs ez-toc-btn-default ez-toc-toggle\" aria-label=\"Toggle Table of Content\"><span class=\"ez-toc-js-icon-con\"><span class=\"\"><span class=\"eztoc-hide\" style=\"display:none;\">Toggle<\/span><span class=\"ez-toc-icon-toggle-span\"><svg style=\"fill: #999;color:#999\" xmlns=\"http:\/\/www.w3.org\/2000\/svg\" class=\"list-377408\" width=\"20px\" height=\"20px\" viewBox=\"0 0 24 24\" fill=\"none\"><path d=\"M6 6H4v2h2V6zm14 0H8v2h12V6zM4 11h2v2H4v-2zm16 0H8v2h12v-2zM4 16h2v2H4v-2zm16 0H8v2h12v-2z\" fill=\"currentColor\"><\/path><\/svg><svg style=\"fill: #999;color:#999\" class=\"arrow-unsorted-368013\" xmlns=\"http:\/\/www.w3.org\/2000\/svg\" width=\"10px\" height=\"10px\" viewBox=\"0 0 24 24\" version=\"1.2\" baseProfile=\"tiny\"><path d=\"M18.2 9.3l-6.2-6.3-6.2 6.3c-.2.2-.3.4-.3.7s.1.5.3.7c.2.2.4.3.7.3h11c.3 0 .5-.1.7-.3.2-.2.3-.5.3-.7s-.1-.5-.3-.7zM5.8 14.7l6.2 6.3 6.2-6.3c.2-.2.3-.5.3-.7s-.1-.5-.3-.7c-.2-.2-.4-.3-.7-.3h-11c-.3 0-.5.1-.7.3-.2.2-.3.5-.3.7s.1.5.3.7z\"\/><\/svg><\/span><\/span><\/span><\/a><\/span><\/div>\n<nav><ul class='ez-toc-list ez-toc-list-level-1 ' ><li class='ez-toc-page-1 ez-toc-heading-level-2'><a class=\"ez-toc-link ez-toc-heading-1\" href=\"https:\/\/www.lusinedemains.com\/blog\/bache-de-terrasse\/#Pourquoi_la_toile_de_terrasse_doit_sadapter_a_son_environnement\" title=\"Pourquoi la toile de terrasse doit s\u2019adapter \u00e0 son environnement\">Pourquoi la toile de terrasse doit s\u2019adapter \u00e0 son environnement<\/a><\/li><li class='ez-toc-page-1 ez-toc-heading-level-2'><a class=\"ez-toc-link ez-toc-heading-2\" href=\"https:\/\/www.lusinedemains.com\/blog\/bache-de-terrasse\/#Bache_de_terrasse_et_exposition_au_vent_priorite_resistance\" title=\"B\u00e2che de terrasse et exposition au vent : priorit\u00e9 r\u00e9sistance\">B\u00e2che de terrasse et exposition au vent : priorit\u00e9 r\u00e9sistance<\/a><\/li><li class='ez-toc-page-1 ez-toc-heading-level-2'><a class=\"ez-toc-link ez-toc-heading-3\" href=\"https:\/\/www.lusinedemains.com\/blog\/bache-de-terrasse\/#Bache_de_terrasse_et_soleil_filtrer_ou_laisser_passer_la_lumiere\" title=\"B\u00e2che de terrasse et soleil : filtrer ou laisser passer la lumi\u00e8re\">B\u00e2che de terrasse et soleil : filtrer ou laisser passer la lumi\u00e8re<\/a><\/li><li class='ez-toc-page-1 ez-toc-heading-level-2'><a class=\"ez-toc-link ez-toc-heading-4\" href=\"https:\/\/www.lusinedemains.com\/blog\/bache-de-terrasse\/#Tableau_comparatif_choisir_sa_bache_selon_vent_et_soleil\" title=\"Tableau comparatif : choisir sa b\u00e2che selon vent et soleil\">Tableau comparatif : choisir sa b\u00e2che selon vent et soleil<\/a><\/li><li class='ez-toc-page-1 ez-toc-heading-level-2'><a class=\"ez-toc-link ez-toc-heading-5\" href=\"https:\/\/www.lusinedemains.com\/blog\/bache-de-terrasse\/#Le_sur-mesure_la_cle_dune_bache_de_terrasse_efficace\" title=\"Le sur-mesure : la cl\u00e9 d\u2019une b\u00e2che de terrasse efficace\">Le sur-mesure : la cl\u00e9 d\u2019une b\u00e2che de terrasse efficace<\/a><\/li><li class='ez-toc-page-1 ez-toc-heading-level-2'><a class=\"ez-toc-link ez-toc-heading-6\" href=\"https:\/\/www.lusinedemains.com\/blog\/bache-de-terrasse\/#Bien_choisir_sa_bache_la_regle_des_deux_elements\" title=\"Bien choisir sa b\u00e2che : la r\u00e8gle des deux \u00e9l\u00e9ments\">Bien choisir sa b\u00e2che : la r\u00e8gle des deux \u00e9l\u00e9ments<\/a><\/li><\/ul><\/nav><\/div>\n\n\n\n\n<hr class=\"wp-block-separator has-alpha-channel-opacity\"\/>\n\n\n\n<h2 class=\"wp-block-heading\"><span class=\"ez-toc-section\" id=\"Bache_de_terrasse_et_exposition_au_vent_priorite_resistance\"><\/span>B\u00e2che de terrasse et exposition au vent : priorit\u00e9 r\u00e9sistance<span class=\"ez-toc-section-end\"><\/span><\/h2>\n\n\n\n<p>Le vent est le premier facteur d\u2019usure. Une rafale mal anticip\u00e9e et la toile se transforme en voile de bateau. Pour \u00e9viter \u00e7a :<\/p>\n\n\n\n<ul>\n<li><strong>Optez pour une b\u00e2che terrasse PVC sur mesure<\/strong> : son grammage \u00e9lev\u00e9 (jusqu\u2019\u00e0 650 g\/m\u00b2) garantit une tenue irr\u00e9prochable.<\/li>\n\n\n\n<li><strong>Pr\u00e9f\u00e9rez des fixations solides<\/strong> : \u0153illets m\u00e9talliques, sandows tendeurs, rails ou barres de tension emp\u00eachent la prise au vent.<\/li>\n\n\n\n<li><strong>\u00c9vitez les b\u00e2ches trop l\u00e9g\u00e8res<\/strong> : elles se d\u00e9forment et finissent par se d\u00e9chirer.<\/li>\n<\/ul>\n\n\n\n<p>\ud83d\udc49 En clair : face au vent, seule une <a href=\"https:\/\/www.lusinedemains.com\/bache-terrasse-structure-bois.html\" target=\"_blank\" rel=\"noreferrer noopener\">b\u00e2che robuste<\/a> et bien tendue fait la diff\u00e9rence. Mieux vaut un rempart qu\u2019un drapeau.<\/p>\n\n\n\n<hr class=\"wp-block-separator has-alpha-channel-opacity\"\/>\n\n\n\n<h2 class=\"wp-block-heading\"><span class=\"ez-toc-section\" id=\"Bache_de_terrasse_et_soleil_filtrer_ou_laisser_passer_la_lumiere\"><\/span>B\u00e2che de terrasse et soleil : filtrer ou laisser passer la lumi\u00e8re<span class=\"ez-toc-section-end\"><\/span><\/h2>\n\n\n\n<p>Le soleil ne d\u00e9truit pas seulement la peau : il attaque aussi les mati\u00e8res. UV, chaleur, jaunissement\u2026 la bonne <strong>toile<\/strong> <strong>de terrasse<\/strong> doit savoir encaisser.<\/p>\n\n\n\n<ul>\n<li><strong>B\u00e2che transparente<\/strong> : parfaite pour conserver la lumi\u00e8re tout en bloquant les UV. Elle \u00e9vite l\u2019effet \u201cserre \u00e9touffante\u201d et prot\u00e8ge le mobilier.<\/li>\n\n\n\n<li><strong>B\u00e2che \u00e9tanche et opaque<\/strong> : id\u00e9ale pour cr\u00e9er de l\u2019ombre franche, sans compromis.<\/li>\n\n\n\n<li><strong>Toile microperfor\u00e9e<\/strong> : solution hybride qui laisse passer l\u2019air, r\u00e9duit la chaleur et filtre la lumi\u00e8re agressive.<\/li>\n<\/ul>\n\n\n\n<figure class=\"wp-block-embed is-type-video is-provider-youtube wp-block-embed-youtube wp-embed-aspect-16-9 wp-has-aspect-ratio\"><div class=\"wp-block-embed__wrapper\">\n<iframe loading=\"lazy\" title=\"B\u00e2che sur mesure | Prot\u00e9gez tout avec une b\u00e2che d\u00e9coup\u00e9e \u00e0 vos dimensions - L\u2019Usine Demains\" width=\"1200\" height=\"675\" src=\"https:\/\/www.youtube.com\/embed\/6ZyyiluIhg8?feature=oembed\" frameborder=\"0\" allow=\"accelerometer; autoplay; clipboard-write; encrypted-media; gyroscope; picture-in-picture; web-share\" referrerpolicy=\"strict-origin-when-cross-origin\" allowfullscreen><\/iframe>\n<\/div><figcaption class=\"wp-element-caption\">Retrouvez des cas d&#8217;usages dans <a href=\"https:\/\/www.youtube.com\/watch?v=6ZyyiluIhg8\" target=\"_blank\" rel=\"noreferrer noopener\">cette vid\u00e9o<\/a> !<\/figcaption><\/figure>\n\n\n\n<hr class=\"wp-block-separator has-alpha-channel-opacity\"\/>\n\n\n\n<p>\ud83d\udc49 Question simple : voulez-vous jouer avec le soleil ou le tenir \u00e0 distance ? La r\u00e9ponse guide le choix.<\/p>\n\n\n\n<h2 class=\"wp-block-heading\"><span class=\"ez-toc-section\" id=\"Tableau_comparatif_choisir_sa_bache_selon_vent_et_soleil\"><\/span>Tableau comparatif : choisir sa b\u00e2che selon vent et soleil<span class=\"ez-toc-section-end\"><\/span><\/h2>\n\n\n\n<figure class=\"wp-block-table\"><table><thead><tr><th>Exposition<\/th><th>Risque principal<\/th><th>Solution conseill\u00e9e<\/th><th>Atout cl\u00e9<\/th><\/tr><\/thead><tbody><tr><td>Vent fort<\/td><td>D\u00e9chirure, arrachement<\/td><td>B\u00e2che terrasse PVC \u00e9paisse + fixations renforc\u00e9es (\u0153illets, sandows, rail)<\/td><td>R\u00e9sistance et durabilit\u00e9<\/td><\/tr><tr><td>Vent mod\u00e9r\u00e9<\/td><td>Flottement, usure progressive<\/td><td>B\u00e2che terrasse \u00e9tanche avec tension ajust\u00e9e<\/td><td>Stabilit\u00e9 et protection<\/td><\/tr><tr><td>Soleil direct<\/td><td>UV, chaleur, jaunissement<\/td><td>B\u00e2che terrasse transparente anti-UV ou toile microperfor\u00e9e<\/td><td>Lumi\u00e8re filtr\u00e9e, confort thermique<\/td><\/tr><tr><td>Soleil intense + chaleur<\/td><td>Surchauffe, inconfort<\/td><td>B\u00e2che terrasse opaque \u00e9tanche<\/td><td>Ombre totale et fra\u00eecheur<\/td><\/tr><tr><td>Vent + Soleil combin\u00e9s<\/td><td>Double usure<\/td><td>B\u00e2che terrasse PVC sur mesure adapt\u00e9e + fixation robuste<\/td><td>Protection compl\u00e8te et ajust\u00e9e<\/td><\/tr><\/tbody><\/table><\/figure>\n\n\n\n<hr class=\"wp-block-separator has-alpha-channel-opacity\"\/>\n\n\n\n<h2 class=\"wp-block-heading\"><span class=\"ez-toc-section\" id=\"Le_sur-mesure_la_cle_dune_bache_de_terrasse_efficace\"><\/span>Le sur-mesure : la cl\u00e9 d\u2019une b\u00e2che de terrasse efficace<span class=\"ez-toc-section-end\"><\/span><\/h2>\n\n\n\n<p>Chaque terrasse a sa personnalit\u00e9 : grande ouverture, angle expos\u00e9, orientation plein sud ou couloir de vent. Sa <strong>b\u00e2che sur mesure<\/strong> s\u2019adapte pr\u00e9cis\u00e9ment :<\/p>\n\n\n\n<ul>\n<li>D\u00e9coupe ajust\u00e9e au centim\u00e8tre.<\/li>\n\n\n\n<li>\u0152illets ou fixations plac\u00e9s exactement o\u00f9 il faut.<\/li>\n\n\n\n<li>Choix du type de toile selon l\u2019usage (hiver, \u00e9t\u00e9, protection permanente).<\/li>\n<\/ul>\n\n\n\n<figure class=\"wp-block-image size-large\"><a href=\"https:\/\/www.lusinedemains.com\/\" target=\"_blank\" rel=\"noreferrer noopener\"><img loading=\"lazy\" decoding=\"async\" width=\"1024\" height=\"683\" src=\"https:\/\/www.lusinedemains.com\/blog\/wp-content\/uploads\/2024\/11\/bache-sur-mesure-TEXIPOOL-1024x683.jpg\" alt=\"projet b\u00e2che de terrasse, toile de pergola, housse de remorque sur mesure\" class=\"wp-image-677\" srcset=\"https:\/\/www.lusinedemains.com\/blog\/wp-content\/uploads\/2024\/11\/bache-sur-mesure-TEXIPOOL-1024x683.jpg 1024w, https:\/\/www.lusinedemains.com\/blog\/wp-content\/uploads\/2024\/11\/bache-sur-mesure-TEXIPOOL-300x200.jpg 300w, https:\/\/www.lusinedemains.com\/blog\/wp-content\/uploads\/2024\/11\/bache-sur-mesure-TEXIPOOL-768x512.jpg 768w, https:\/\/www.lusinedemains.com\/blog\/wp-content\/uploads\/2024\/11\/bache-sur-mesure-TEXIPOOL.jpg 1500w\" sizes=\"(max-width: 1024px) 100vw, 1024px\" \/><\/a><\/figure>\n\n\n\n<p>Chez Texipool, filiale du <a href=\"https:\/\/www.bhd.fr\/\" target=\"_blank\" rel=\"noreferrer noopener\">groupe BHD<\/a>, le savoir-faire textile technique garantit une confection robuste, pens\u00e9e pour durer face aux caprices m\u00e9t\u00e9o. Parce qu\u2019une b\u00e2che ne se contente pas de couvrir : elle prot\u00e8ge, tout simplement.<\/p>\n\n\n\n<hr class=\"wp-block-separator has-alpha-channel-opacity\"\/>\n\n\n\n<h2 class=\"wp-block-heading\"><span class=\"ez-toc-section\" id=\"Bien_choisir_sa_bache_la_regle_des_deux_elements\"><\/span>Bien choisir sa b\u00e2che : la r\u00e8gle des deux \u00e9l\u00e9ments<span class=\"ez-toc-section-end\"><\/span><\/h2>\n\n\n\n<p>En r\u00e9sum\u00e9, pour choisir la <strong>b\u00e2che de terrasse<\/strong> id\u00e9ale :<\/p>\n\n\n\n<ol>\n<li>Analysez l\u2019exposition au vent : besoin d\u2019un PVC \u00e9pais et de fixations renforc\u00e9es.<\/li>\n\n\n\n<li>\u00c9valuez l\u2019impact du soleil : pr\u00e9f\u00e9rez une b\u00e2che transparente anti-UV, une b\u00e2che opaque \u00e9tanche, ou une toile microperfor\u00e9e selon vos attentes.<\/li>\n\n\n\n<li>Passez au sur-mesure : pas d\u2019approximation, votre terrasse m\u00e9rite une protection taill\u00e9e \u00e0 ses dimensions exactes.<\/li>\n<\/ol>\n\n\n\n<p>\ud83d\udc49 Le bon choix, c\u2019est celui qui transforme une terrasse fragile en un cocon r\u00e9sistant et confortable.<\/p>\n\n\n\n<hr class=\"wp-block-separator has-alpha-channel-opacity\"\/>\n\n\n\n<p class=\"is-style-default has-small-font-size\">\ud83d\udcccA lire aussi : <\/p>\n\n\n\n<figure class=\"wp-block-embed is-type-wp-embed is-provider-lusinedemains wp-block-embed-lusinedemains\"><div class=\"wp-block-embed__wrapper\">\n<blockquote class=\"wp-embedded-content\" data-secret=\"NBt0RBuYys\"><a href=\"https:\/\/www.lusinedemains.com\/blog\/bache-protection-jardin\/\">Quelle b\u00e2che choisir pour prot\u00e9ger ses meubles de jardin toute l\u2019ann\u00e9e ?<\/a><\/blockquote><iframe class=\"wp-embedded-content\" sandbox=\"allow-scripts\" security=\"restricted\" style=\"position: absolute; clip: rect(1px, 1px, 1px, 1px);\" title=\"\u00ab\u00a0Quelle b\u00e2che choisir pour prot\u00e9ger ses meubles de jardin toute l\u2019ann\u00e9e ?\u00a0\u00bb &#8212; LUSINEDEMAINS\" src=\"https:\/\/www.lusinedemains.com\/blog\/bache-protection-jardin\/embed\/#?secret=zZ7MkFzHHa#?secret=NBt0RBuYys\" data-secret=\"NBt0RBuYys\" width=\"600\" height=\"338\" frameborder=\"0\" marginwidth=\"0\" marginheight=\"0\" scrolling=\"no\"><\/iframe>\n<\/div><\/figure>\n","protected":false},"excerpt":{"rendered":"<p>Pourquoi la toile de terrasse doit s\u2019adapter \u00e0 son environnement Une b\u00e2che de terrasse ne se choisit pas comme un simple tissu tendu au-dessus d\u2019un espace ext\u00e9rieur. Elle doit composer avec deux ennemis redoutables : le vent qui arrache, le soleil qui ass\u00e8che. Mal choisie, elle claque, se d\u00e9chire ou jaunit pr\u00e9matur\u00e9ment. Bien pens\u00e9e, elle &#8230; <a title=\"Comment bien choisir sa b\u00e2che de terrasse selon l\u2019exposition au vent et au soleil ?\" class=\"read-more\" href=\"https:\/\/www.lusinedemains.com\/blog\/bache-de-terrasse\/\" aria-label=\"Read more about Comment bien choisir sa b\u00e2che de terrasse selon l\u2019exposition au vent et au soleil ?\">Read more<\/a><\/p>\n","protected":false},"author":1,"featured_media":189,"comment_status":"closed","ping_status":"closed","sticky":false,"template":"","format":"standard","meta":{"footnotes":""},"categories":[108],"tags":[],"yoast_head":"<!-- This site is optimized with the Yoast SEO plugin v22.6 - https:\/\/yoast.com\/wordpress\/plugins\/seo\/ -->\n<title>B\u00e2che de terrasse : choisir selon l&#039;exposition au vent et au soleil<\/title>\n<meta name=\"description\" content=\"Choisissez la b\u00e2che de terrasse id\u00e9ale. \u00c9tanche, transparente ou PVC : trouvez la protection sur mesure adapt\u00e9e \u00e0 votre ext\u00e9rieur.\" \/>\n<meta name=\"robots\" content=\"index, follow, max-snippet:-1, max-image-preview:large, max-video-preview:-1\" \/>\n<link rel=\"canonical\" href=\"https:\/\/www.lusinedemains.com\/blog\/bache-de-terrasse\/\" \/>\n<meta property=\"og:locale\" content=\"fr_FR\" \/>\n<meta property=\"og:type\" content=\"article\" \/>\n<meta property=\"og:title\" content=\"B\u00e2che de terrasse : choisir selon l&#039;exposition au vent et au soleil\" \/>\n<meta property=\"og:description\" content=\"Choisissez la b\u00e2che de terrasse id\u00e9ale. \u00c9tanche, transparente ou PVC : trouvez la protection sur mesure adapt\u00e9e \u00e0 votre ext\u00e9rieur.\" \/>\n<meta property=\"og:url\" content=\"https:\/\/www.lusinedemains.com\/blog\/bache-de-terrasse\/\" \/>\n<meta property=\"og:site_name\" content=\"LUSINEDEMAINS\" \/>\n<meta property=\"article:published_time\" content=\"2025-08-26T08:22:28+00:00\" \/>\n<meta property=\"article:modified_time\" content=\"2025-08-26T08:22:29+00:00\" \/>\n<meta property=\"og:image\" content=\"https:\/\/www.lusinedemains.com\/blog\/wp-content\/uploads\/2024\/06\/BRISE-VUE-VENT-RIDEAU-TERRASSE.jpg\" \/>\n\t<meta property=\"og:image:width\" content=\"900\" \/>\n\t<meta property=\"og:image:height\" content=\"535\" \/>\n\t<meta property=\"og:image:type\" content=\"image\/jpeg\" \/>\n<meta name=\"author\" content=\"L&#039;Usine Demains\" \/>\n<meta name=\"twitter:card\" content=\"summary_large_image\" \/>\n<meta name=\"twitter:label1\" content=\"Written by\" \/>\n\t<meta name=\"twitter:data1\" content=\"L'Usine Demains\" \/>\n\t<meta name=\"twitter:label2\" content=\"Est. reading time\" \/>\n\t<meta name=\"twitter:data2\" content=\"4 minutes\" \/>\n<!-- \/ Yoast SEO plugin. -->","yoast_head_json":{"title":"B\u00e2che de terrasse : choisir selon l'exposition au vent et au soleil","description":"Choisissez la b\u00e2che de terrasse id\u00e9ale. \u00c9tanche, transparente ou PVC : trouvez la protection sur mesure adapt\u00e9e \u00e0 votre ext\u00e9rieur.","robots":{"index":"index","follow":"follow","max-snippet":"max-snippet:-1","max-image-preview":"max-image-preview:large","max-video-preview":"max-video-preview:-1"},"canonical":"https:\/\/www.lusinedemains.com\/blog\/bache-de-terrasse\/","og_locale":"fr_FR","og_type":"article","og_title":"B\u00e2che de terrasse : choisir selon l'exposition au vent et au soleil","og_description":"Choisissez la b\u00e2che de terrasse id\u00e9ale. \u00c9tanche, transparente ou PVC : trouvez la protection sur mesure adapt\u00e9e \u00e0 votre ext\u00e9rieur.","og_url":"https:\/\/www.lusinedemains.com\/blog\/bache-de-terrasse\/","og_site_name":"LUSINEDEMAINS","article_published_time":"2025-08-26T08:22:28+00:00","article_modified_time":"2025-08-26T08:22:29+00:00","og_image":[{"width":900,"height":535,"url":"https:\/\/www.lusinedemains.com\/blog\/wp-content\/uploads\/2024\/06\/BRISE-VUE-VENT-RIDEAU-TERRASSE.jpg","type":"image\/jpeg"}],"author":"L'Usine Demains","twitter_card":"summary_large_image","twitter_misc":{"Written by":"L'Usine Demains","Est. reading time":"4 minutes"},"schema":{"@context":"https:\/\/schema.org","@graph":[{"@type":"Article","@id":"https:\/\/www.lusinedemains.com\/blog\/bache-de-terrasse\/#article","isPartOf":{"@id":"https:\/\/www.lusinedemains.com\/blog\/bache-de-terrasse\/"},"author":{"name":"L'Usine Demains","@id":"https:\/\/www.lusinedemains.com\/blog\/#\/schema\/person\/32200879e3b42ef1728ffd844404166a"},"headline":"Comment bien choisir sa b\u00e2che de terrasse selon l\u2019exposition au vent et au soleil ?","datePublished":"2025-08-26T08:22:28+00:00","dateModified":"2025-08-26T08:22:29+00:00","mainEntityOfPage":{"@id":"https:\/\/www.lusinedemains.com\/blog\/bache-de-terrasse\/"},"wordCount":675,"publisher":{"@id":"https:\/\/www.lusinedemains.com\/blog\/#organization"},"image":{"@id":"https:\/\/www.lusinedemains.com\/blog\/bache-de-terrasse\/#primaryimage"},"thumbnailUrl":"https:\/\/www.lusinedemains.com\/blog\/wp-content\/uploads\/2024\/06\/BRISE-VUE-VENT-RIDEAU-TERRASSE.jpg","articleSection":["Terrasse"],"inLanguage":"fr-FR"},{"@type":"WebPage","@id":"https:\/\/www.lusinedemains.com\/blog\/bache-de-terrasse\/","url":"https:\/\/www.lusinedemains.com\/blog\/bache-de-terrasse\/","name":"B\u00e2che de terrasse : choisir selon l'exposition au vent et au soleil","isPartOf":{"@id":"https:\/\/www.lusinedemains.com\/blog\/#website"},"primaryImageOfPage":{"@id":"https:\/\/www.lusinedemains.com\/blog\/bache-de-terrasse\/#primaryimage"},"image":{"@id":"https:\/\/www.lusinedemains.com\/blog\/bache-de-terrasse\/#primaryimage"},"thumbnailUrl":"https:\/\/www.lusinedemains.com\/blog\/wp-content\/uploads\/2024\/06\/BRISE-VUE-VENT-RIDEAU-TERRASSE.jpg","datePublished":"2025-08-26T08:22:28+00:00","dateModified":"2025-08-26T08:22:29+00:00","description":"Choisissez la b\u00e2che de terrasse id\u00e9ale. \u00c9tanche, transparente ou PVC : trouvez la protection sur mesure adapt\u00e9e \u00e0 votre ext\u00e9rieur.","breadcrumb":{"@id":"https:\/\/www.lusinedemains.com\/blog\/bache-de-terrasse\/#breadcrumb"},"inLanguage":"fr-FR","potentialAction":[{"@type":"ReadAction","target":["https:\/\/www.lusinedemains.com\/blog\/bache-de-terrasse\/"]}]},{"@type":"ImageObject","inLanguage":"fr-FR","@id":"https:\/\/www.lusinedemains.com\/blog\/bache-de-terrasse\/#primaryimage","url":"https:\/\/www.lusinedemains.com\/blog\/wp-content\/uploads\/2024\/06\/BRISE-VUE-VENT-RIDEAU-TERRASSE.jpg","contentUrl":"https:\/\/www.lusinedemains.com\/blog\/wp-content\/uploads\/2024\/06\/BRISE-VUE-VENT-RIDEAU-TERRASSE.jpg","width":900,"height":535},{"@type":"BreadcrumbList","@id":"https:\/\/www.lusinedemains.com\/blog\/bache-de-terrasse\/#breadcrumb","itemListElement":[{"@type":"ListItem","position":1,"name":"Home","item":"https:\/\/www.lusinedemains.com\/blog\/"},{"@type":"ListItem","position":2,"name":"Comment bien choisir sa b\u00e2che de terrasse selon l\u2019exposition au vent et au soleil ?"}]},{"@type":"WebSite","@id":"https:\/\/www.lusinedemains.com\/blog\/#website","url":"https:\/\/www.lusinedemains.com\/blog\/","name":"LUSINEDEMAINS","description":"Nos conseils et astuces","publisher":{"@id":"https:\/\/www.lusinedemains.com\/blog\/#organization"},"potentialAction":[{"@type":"SearchAction","target":{"@type":"EntryPoint","urlTemplate":"https:\/\/www.lusinedemains.com\/blog\/?s={search_term_string}"},"query-input":"required name=search_term_string"}],"inLanguage":"fr-FR"},{"@type":"Organization","@id":"https:\/\/www.lusinedemains.com\/blog\/#organization","name":"LUSINEDEMAINS","url":"https:\/\/www.lusinedemains.com\/blog\/","logo":{"@type":"ImageObject","inLanguage":"fr-FR","@id":"https:\/\/www.lusinedemains.com\/blog\/#\/schema\/logo\/image\/","url":"https:\/\/www.lusinedemains.com\/blog\/wp-content\/uploads\/2024\/03\/cropped-logo-lusinedemains.jpg","contentUrl":"https:\/\/www.lusinedemains.com\/blog\/wp-content\/uploads\/2024\/03\/cropped-logo-lusinedemains.jpg","width":317,"height":70,"caption":"LUSINEDEMAINS"},"image":{"@id":"https:\/\/www.lusinedemains.com\/blog\/#\/schema\/logo\/image\/"}},{"@type":"Person","@id":"https:\/\/www.lusinedemains.com\/blog\/#\/schema\/person\/32200879e3b42ef1728ffd844404166a","name":"L'Usine Demains","image":{"@type":"ImageObject","inLanguage":"fr-FR","@id":"https:\/\/www.lusinedemains.com\/blog\/#\/schema\/person\/image\/","url":"https:\/\/secure.gravatar.com\/avatar\/1da141be595798ee1675dc3c6682643a?s=96&d=mm&r=g","contentUrl":"https:\/\/secure.gravatar.com\/avatar\/1da141be595798ee1675dc3c6682643a?s=96&d=mm&r=g","caption":"L'Usine Demains"},"sameAs":["https:\/\/www.lusinedemains.com\/bhd-wp"],"url":"https:\/\/www.lusinedemains.com\/blog\/author\/admin\/"}]}},"_links":{"self":[{"href":"https:\/\/www.lusinedemains.com\/blog\/wp-json\/wp\/v2\/posts\/1277"}],"collection":[{"href":"https:\/\/www.lusinedemains.com\/blog\/wp-json\/wp\/v2\/posts"}],"about":[{"href":"https:\/\/www.lusinedemains.com\/blog\/wp-json\/wp\/v2\/types\/post"}],"author":[{"embeddable":true,"href":"https:\/\/www.lusinedemains.com\/blog\/wp-json\/wp\/v2\/users\/1"}],"replies":[{"embeddable":true,"href":"https:\/\/www.lusinedemains.com\/blog\/wp-json\/wp\/v2\/comments?post=1277"}],"version-history":[{"count":7,"href":"https:\/\/www.lusinedemains.com\/blog\/wp-json\/wp\/v2\/posts\/1277\/revisions"}],"predecessor-version":[{"id":1284,"href":"https:\/\/www.lusinedemains.com\/blog\/wp-json\/wp\/v2\/posts\/1277\/revisions\/1284"}],"wp:featuredmedia":[{"embeddable":true,"href":"https:\/\/www.lusinedemains.com\/blog\/wp-json\/wp\/v2\/media\/189"}],"wp:attachment":[{"href":"https:\/\/www.lusinedemains.com\/blog\/wp-json\/wp\/v2\/media?parent=1277"}],"wp:term":[{"taxonomy":"category","embeddable":true,"href":"https:\/\/www.lusinedemains.com\/blog\/wp-json\/wp\/v2\/categories?post=1277"},{"taxonomy":"post_tag","embeddable":true,"href":"https:\/\/www.lusinedemains.com\/blog\/wp-json\/wp\/v2\/tags?post=1277"}],"curies":[{"name":"wp","href":"https:\/\/api.w.org\/{rel}","templated":true}]}}