{"id":1271,"date":"2025-08-18T13:09:32","date_gmt":"2025-08-18T13:09:32","guid":{"rendered":"https:\/\/www.lusinedemains.com\/blog\/?p=1271"},"modified":"2025-09-22T09:24:35","modified_gmt":"2025-09-22T09:24:35","slug":"bache-protection-jardin","status":"publish","type":"post","link":"https:\/\/www.lusinedemains.com\/blog\/bache-protection-jardin\/","title":{"rendered":"Quelle b\u00e2che choisir pour prot\u00e9ger ses meubles de jardin toute l\u2019ann\u00e9e ?"},"content":{"rendered":"\n<p>Trouver la bonne <strong>b\u00e2che de protection pour le jardin<\/strong> n\u2019est pas un luxe, c\u2019est une n\u00e9cessit\u00e9. Quand les premi\u00e8res pluies s\u2019abattent ou que le gel s\u2019invite, vos fauteuils, tables et coussins m\u00e9ritent une armure. Le vrai confort, c\u2019est de ne pas avoir \u00e0 tout rentrer au garage \u00e0 chaque saison.<\/p><div id=\"ez-toc-container\" class=\"ez-toc-v2_0_73 counter-hierarchy ez-toc-counter ez-toc-grey ez-toc-container-direction\">\n<div class=\"ez-toc-title-container\">\n<p class=\"ez-toc-title\" style=\"cursor:inherit\">Au programme<\/p>\n<span class=\"ez-toc-title-toggle\"><a href=\"#\" class=\"ez-toc-pull-right ez-toc-btn ez-toc-btn-xs ez-toc-btn-default ez-toc-toggle\" aria-label=\"Toggle Table of Content\"><span class=\"ez-toc-js-icon-con\"><span class=\"\"><span class=\"eztoc-hide\" style=\"display:none;\">Toggle<\/span><span class=\"ez-toc-icon-toggle-span\"><svg style=\"fill: #999;color:#999\" xmlns=\"http:\/\/www.w3.org\/2000\/svg\" class=\"list-377408\" width=\"20px\" height=\"20px\" viewBox=\"0 0 24 24\" fill=\"none\"><path d=\"M6 6H4v2h2V6zm14 0H8v2h12V6zM4 11h2v2H4v-2zm16 0H8v2h12v-2zM4 16h2v2H4v-2zm16 0H8v2h12v-2z\" fill=\"currentColor\"><\/path><\/svg><svg style=\"fill: #999;color:#999\" class=\"arrow-unsorted-368013\" xmlns=\"http:\/\/www.w3.org\/2000\/svg\" width=\"10px\" height=\"10px\" viewBox=\"0 0 24 24\" version=\"1.2\" baseProfile=\"tiny\"><path d=\"M18.2 9.3l-6.2-6.3-6.2 6.3c-.2.2-.3.4-.3.7s.1.5.3.7c.2.2.4.3.7.3h11c.3 0 .5-.1.7-.3.2-.2.3-.5.3-.7s-.1-.5-.3-.7zM5.8 14.7l6.2 6.3 6.2-6.3c.2-.2.3-.5.3-.7s-.1-.5-.3-.7c-.2-.2-.4-.3-.7-.3h-11c-.3 0-.5.1-.7.3-.2.2-.3.5-.3.7s.1.5.3.7z\"\/><\/svg><\/span><\/span><\/span><\/a><\/span><\/div>\n<nav><ul class='ez-toc-list ez-toc-list-level-1 ' ><li class='ez-toc-page-1 ez-toc-heading-level-2'><a class=\"ez-toc-link ez-toc-heading-1\" href=\"https:\/\/www.lusinedemains.com\/blog\/bache-protection-jardin\/#Pourquoi_une_bache_de_protection_pour_le_jardin_est_indispensable\" title=\"Pourquoi une b\u00e2che de protection pour le jardin est indispensable\">Pourquoi une b\u00e2che de protection pour le jardin est indispensable<\/a><\/li><li class='ez-toc-page-1 ez-toc-heading-level-2'><a class=\"ez-toc-link ez-toc-heading-2\" href=\"https:\/\/www.lusinedemains.com\/blog\/bache-protection-jardin\/#Quelle_matiere_privilegier_pour_une_bache_de_protection_pour_le_jardin\" title=\"Quelle mati\u00e8re privil\u00e9gier pour une b\u00e2che de protection pour le jardin ?\">Quelle mati\u00e8re privil\u00e9gier pour une b\u00e2che de protection pour le jardin ?<\/a><\/li><li class='ez-toc-page-1 ez-toc-heading-level-2'><a class=\"ez-toc-link ez-toc-heading-3\" href=\"https:\/\/www.lusinedemains.com\/blog\/bache-protection-jardin\/#Les_details_qui_font_la_difference_oeillets_et_fixations\" title=\"Les d\u00e9tails qui font la diff\u00e9rence : \u0153illets et fixations\">Les d\u00e9tails qui font la diff\u00e9rence : \u0153illets et fixations<\/a><\/li><li class='ez-toc-page-1 ez-toc-heading-level-2'><a class=\"ez-toc-link ez-toc-heading-4\" href=\"https:\/\/www.lusinedemains.com\/blog\/bache-protection-jardin\/#Bache_standard_ou_bache_sur_mesure\" title=\"B\u00e2che standard ou b\u00e2che sur mesure ?\">B\u00e2che standard ou b\u00e2che sur mesure ?<\/a><\/li><li class='ez-toc-page-1 ez-toc-heading-level-2'><a class=\"ez-toc-link ez-toc-heading-5\" href=\"https:\/\/www.lusinedemains.com\/blog\/bache-protection-jardin\/#Conclusion_investir_dans_la_bonne_bache_cest_investir_dans_le_temps\" title=\"Conclusion : investir dans la bonne b\u00e2che, c\u2019est investir dans le temps\">Conclusion : investir dans la bonne b\u00e2che, c\u2019est investir dans le temps<\/a><\/li><\/ul><\/nav><\/div>\n\n\n\n\n<hr class=\"wp-block-separator has-alpha-channel-opacity\"\/>\n\n\n\n<h2 class=\"wp-block-heading\"><span class=\"ez-toc-section\" id=\"Pourquoi_une_bache_de_protection_pour_le_jardin_est_indispensable\"><\/span>Pourquoi une b\u00e2che de protection pour le jardin est indispensable<span class=\"ez-toc-section-end\"><\/span><\/h2>\n\n\n\n<p>L\u2019humidit\u00e9 gonfle le bois, ternit le m\u00e9tal, fissure le plastique. Le soleil, lui, d\u00e9colore et fragilise. Bref, sans d\u00e9fense, vos meubles de jardin se transforment en victimes d\u00e9sign\u00e9es. Une <strong>b\u00e2che de protection pour le jardin<\/strong> agit comme un bouclier quatre saisons : elle coupe la pluie, bloque les UV, et emp\u00eache le gel de mordre. Un simple geste, et vous gagnez des ann\u00e9es d\u2019usage.<\/p>\n\n\n\n<p>La v\u00e9rit\u00e9 ? <a href=\"https:\/\/www.lusinedemains.com\/bache-de-protection-jardin.html\" target=\"_blank\" rel=\"noreferrer noopener\">Prot\u00e9ger co\u00fbte toujours moins cher que remplacer<\/a>.<\/p>\n\n\n\n<figure class=\"wp-block-image size-large\"><a href=\"https:\/\/youtu.be\/KXyGfF4qTgs\" target=\"_blank\" rel=\"noreferrer noopener\"><img decoding=\"async\" src=\"https:\/\/back.lusinedemains.com\/media\/CATALOGUE-2\/HOUSSE-REMORQUE\/HOUSSE\/bache_salon_de_jardin_VIDEO.jpg\" alt=\"b\u00e2che protection jardin youtube\"\/><\/a><\/figure>\n\n\n\n<hr class=\"wp-block-separator has-alpha-channel-opacity\"\/>\n\n\n\n<h2 class=\"wp-block-heading\"><span class=\"ez-toc-section\" id=\"Quelle_matiere_privilegier_pour_une_bache_de_protection_pour_le_jardin\"><\/span>Quelle mati\u00e8re privil\u00e9gier pour une b\u00e2che de protection pour le jardin ?<span class=\"ez-toc-section-end\"><\/span><\/h2>\n\n\n\n<p>Toutes les b\u00e2ches ne se valent pas.<\/p>\n\n\n\n<ul>\n<li><strong>PVC \u00e9pais<\/strong> : ultra-r\u00e9sistant, \u00e9tanche, il encaisse sans broncher l\u2019hiver et les coups de vent.<\/li>\n\n\n\n<li><strong>Poly\u00e9thyl\u00e8ne l\u00e9ger<\/strong> : pratique et \u00e9conomique, id\u00e9al pour un usage ponctuel mais moins durable.<\/li>\n\n\n\n<li><strong>B\u00e2che micro-perfor\u00e9e<\/strong> : laisse circuler l\u2019air pour \u00e9viter la condensation, un vrai plus pour les meubles bois.<\/li>\n<\/ul>\n\n\n\n<figure class=\"wp-block-embed is-type-wp-embed is-provider-lusinedemains wp-block-embed-lusinedemains\"><div class=\"wp-block-embed__wrapper\">\n<blockquote class=\"wp-embedded-content\" data-secret=\"2Ksq2zZ3JD\"><a href=\"https:\/\/www.lusinedemains.com\/blog\/toiles-micro-perforees\/\">Tests de toiles micro-perfor\u00e9es : ventilation et luminosit\u00e9 en conditions r\u00e9elles<\/a><\/blockquote><iframe class=\"wp-embedded-content\" sandbox=\"allow-scripts\" security=\"restricted\" style=\"position: absolute; clip: rect(1px, 1px, 1px, 1px);\" title=\"\u00ab\u00a0Tests de toiles micro-perfor\u00e9es : ventilation et luminosit\u00e9 en conditions r\u00e9elles\u00a0\u00bb &#8212; LUSINEDEMAINS\" src=\"https:\/\/www.lusinedemains.com\/blog\/toiles-micro-perforees\/embed\/#?secret=wN1xIpGJF0#?secret=2Ksq2zZ3JD\" data-secret=\"2Ksq2zZ3JD\" width=\"600\" height=\"338\" frameborder=\"0\" marginwidth=\"0\" marginheight=\"0\" scrolling=\"no\"><\/iframe>\n<\/div><\/figure>\n\n\n\n<p>Le choix d\u00e9pend du climat et de vos priorit\u00e9s : robustesse absolue ou l\u00e9g\u00e8ret\u00e9 pratique.<\/p>\n\n\n\n<hr class=\"wp-block-separator has-alpha-channel-opacity\"\/>\n\n\n\n<h2 class=\"wp-block-heading\"><span class=\"ez-toc-section\" id=\"Les_details_qui_font_la_difference_oeillets_et_fixations\"><\/span>Les d\u00e9tails qui font la diff\u00e9rence : \u0153illets et fixations<span class=\"ez-toc-section-end\"><\/span><\/h2>\n\n\n\n<p>Une b\u00e2che mal fix\u00e9e, c\u2019est une voile au premier coup de mistral. Les \u0153illets renforc\u00e9s permettent une tension impeccable avec sandows, cordes ou crochets. R\u00e9sultat : pas de prise au vent, pas de b\u00e2che qui claque, pas de meubles expos\u00e9s.<\/p>\n\n\n\n<p>La finition sur mesure, elle, \u00e9vite les b\u00e2ches trop courtes ou trop grandes qui b\u00e2illent et laissent passer l\u2019eau. Quand \u00e7a colle au millim\u00e8tre, \u00e7a prot\u00e8ge au maximum.<\/p>\n\n\n\n<hr class=\"wp-block-separator has-alpha-channel-opacity\"\/>\n\n\n\n<h2 class=\"wp-block-heading\"><span class=\"ez-toc-section\" id=\"Bache_standard_ou_bache_sur_mesure\"><\/span>B\u00e2che standard ou b\u00e2che sur mesure ?<span class=\"ez-toc-section-end\"><\/span><\/h2>\n\n\n\n<p>Un salon de jardin n\u2019a rien de standard : tailles, formes, agencements varient \u00e0 l\u2019infini. Miser sur une b\u00e2che sur mesure, c\u2019est dire adieu aux compromis. Elle \u00e9pouse vos meubles comme une seconde peau. Texipool, filiale du groupe BHD, <a href=\"https:\/\/www.youtube.com\/watch?v=6ZyyiluIhg8\" target=\"_blank\" rel=\"noreferrer noopener\">excelle justement dans ce type de confection technique<\/a> : des toiles solides, pens\u00e9es pour durer, fabriqu\u00e9es \u00e0 la demande.<\/p>\n\n\n\n<figure class=\"wp-block-embed is-type-video is-provider-youtube wp-block-embed-youtube wp-embed-aspect-16-9 wp-has-aspect-ratio\"><div class=\"wp-block-embed__wrapper\">\n<iframe loading=\"lazy\" title=\"B\u00e2che sur mesure | Prot\u00e9gez tout avec une b\u00e2che d\u00e9coup\u00e9e \u00e0 vos dimensions - L\u2019Usine Demains\" width=\"1200\" height=\"675\" src=\"https:\/\/www.youtube.com\/embed\/6ZyyiluIhg8?feature=oembed&#038;enablejsapi=1&#038;origin=https:\/\/www.lusinedemains.com\" frameborder=\"0\" allow=\"accelerometer; autoplay; clipboard-write; encrypted-media; gyroscope; picture-in-picture; web-share\" referrerpolicy=\"strict-origin-when-cross-origin\" allowfullscreen><\/iframe>\n<\/div><\/figure>\n\n\n\n<p>Et l\u00e0, vous passez de la simple couverture \u00e0 la v\u00e9ritable carapace.<\/p>\n\n\n\n<hr class=\"wp-block-separator has-alpha-channel-opacity\"\/>\n\n\n\n<h2 class=\"wp-block-heading\"><span class=\"ez-toc-section\" id=\"Conclusion_investir_dans_la_bonne_bache_cest_investir_dans_le_temps\"><\/span>Conclusion : investir dans la bonne b\u00e2che, c\u2019est investir dans le temps<span class=\"ez-toc-section-end\"><\/span><\/h2>\n\n\n\n<p>Choisir la bonne <strong>b\u00e2che de protection pour le jardin<\/strong>, c\u2019est prolonger la vie de vos meubles, simplifier l\u2019entretien et garder l\u2019\u00e9l\u00e9gance de votre terrasse toute l\u2019ann\u00e9e. Oubliez la corv\u00e9e du \u201ctout au garage en octobre\u201d. Avec la bonne toile, vos repas d\u2019\u00e9t\u00e9 survivront aux hivers les plus rudes.<\/p>\n\n\n\n<p>Parce qu\u2019un mobilier bien prot\u00e9g\u00e9, c\u2019est une saison gagn\u00e9e.<\/p>\n\n\n\n<hr class=\"wp-block-separator has-alpha-channel-opacity\"\/>\n\n\n\n<p class=\"is-style-default has-small-font-size\">\ud83d\udcccA lire aussi : <\/p>\n\n\n\n<figure class=\"wp-block-embed is-type-wp-embed is-provider-lusinedemains wp-block-embed-lusinedemains\"><div class=\"wp-block-embed__wrapper\">\n<blockquote class=\"wp-embedded-content\" data-secret=\"yr5B5JT7Ux\"><a href=\"https:\/\/www.lusinedemains.com\/blog\/bache-claque-au-vent\/\">Ma b\u00e2che claque au vent : solutions concr\u00e8tes pour le bruit et l\u2019usure<\/a><\/blockquote><iframe class=\"wp-embedded-content\" sandbox=\"allow-scripts\" security=\"restricted\" style=\"position: absolute; clip: rect(1px, 1px, 1px, 1px);\" title=\"\u00ab\u00a0Ma b\u00e2che claque au vent : solutions concr\u00e8tes pour le bruit et l\u2019usure\u00a0\u00bb &#8212; LUSINEDEMAINS\" src=\"https:\/\/www.lusinedemains.com\/blog\/bache-claque-au-vent\/embed\/#?secret=IBTixZybHc#?secret=yr5B5JT7Ux\" data-secret=\"yr5B5JT7Ux\" width=\"600\" height=\"338\" frameborder=\"0\" marginwidth=\"0\" marginheight=\"0\" scrolling=\"no\"><\/iframe>\n<\/div><\/figure>\n","protected":false},"excerpt":{"rendered":"<p>Trouver la bonne b\u00e2che de protection pour le jardin n\u2019est pas un luxe, c\u2019est une n\u00e9cessit\u00e9. Quand les premi\u00e8res pluies s\u2019abattent ou que le gel s\u2019invite, vos fauteuils, tables et coussins m\u00e9ritent une armure. Le vrai confort, c\u2019est de ne pas avoir \u00e0 tout rentrer au garage \u00e0 chaque saison. Pourquoi une b\u00e2che de protection &#8230; <a title=\"Quelle b\u00e2che choisir pour prot\u00e9ger ses meubles de jardin toute l\u2019ann\u00e9e ?\" class=\"read-more\" href=\"https:\/\/www.lusinedemains.com\/blog\/bache-protection-jardin\/\" aria-label=\"Read more about Quelle b\u00e2che choisir pour prot\u00e9ger ses meubles de jardin toute l\u2019ann\u00e9e ?\">Read more<\/a><\/p>\n","protected":false},"author":1,"featured_media":654,"comment_status":"closed","ping_status":"closed","sticky":false,"template":"","format":"standard","meta":{"footnotes":""},"categories":[116],"tags":[],"yoast_head":"<!-- This site is optimized with the Yoast SEO plugin v22.6 - https:\/\/yoast.com\/wordpress\/plugins\/seo\/ -->\n<title>B\u00e2che protection jardin : que choisir pour prot\u00e9ger ses meubles ?<\/title>\n<meta name=\"description\" content=\"Prot\u00e9gez vos meubles toute l\u2019ann\u00e9e avec la bonne b\u00e2che de protection pour le jardin. \u00c9tanche, solide et sur mesure.\" \/>\n<meta name=\"robots\" content=\"index, follow, max-snippet:-1, max-image-preview:large, max-video-preview:-1\" \/>\n<link rel=\"canonical\" href=\"https:\/\/www.lusinedemains.com\/blog\/bache-protection-jardin\/\" \/>\n<meta property=\"og:locale\" content=\"fr_FR\" \/>\n<meta property=\"og:type\" content=\"article\" \/>\n<meta property=\"og:title\" content=\"B\u00e2che protection jardin : que choisir pour prot\u00e9ger ses meubles ?\" \/>\n<meta property=\"og:description\" content=\"Prot\u00e9gez vos meubles toute l\u2019ann\u00e9e avec la bonne b\u00e2che de protection pour le jardin. \u00c9tanche, solide et sur mesure.\" \/>\n<meta property=\"og:url\" content=\"https:\/\/www.lusinedemains.com\/blog\/bache-protection-jardin\/\" \/>\n<meta property=\"og:site_name\" content=\"LUSINEDEMAINS\" \/>\n<meta property=\"article:published_time\" content=\"2025-08-18T13:09:32+00:00\" \/>\n<meta property=\"article:modified_time\" content=\"2025-09-22T09:24:35+00:00\" \/>\n<meta property=\"og:image\" content=\"https:\/\/www.lusinedemains.com\/blog\/wp-content\/uploads\/2024\/11\/Housse-mobilier-jardin-scaled.jpg\" \/>\n\t<meta property=\"og:image:width\" content=\"2560\" \/>\n\t<meta property=\"og:image:height\" content=\"1287\" \/>\n\t<meta property=\"og:image:type\" content=\"image\/jpeg\" \/>\n<meta name=\"author\" content=\"L&#039;Usine Demains\" \/>\n<meta name=\"twitter:card\" content=\"summary_large_image\" \/>\n<meta name=\"twitter:label1\" content=\"Written by\" \/>\n\t<meta name=\"twitter:data1\" content=\"L'Usine Demains\" \/>\n\t<meta name=\"twitter:label2\" content=\"Est. reading time\" \/>\n\t<meta name=\"twitter:data2\" content=\"3 minutes\" \/>\n<!-- \/ Yoast SEO plugin. -->","yoast_head_json":{"title":"B\u00e2che protection jardin : que choisir pour prot\u00e9ger ses meubles ?","description":"Prot\u00e9gez vos meubles toute l\u2019ann\u00e9e avec la bonne b\u00e2che de protection pour le jardin. \u00c9tanche, solide et sur mesure.","robots":{"index":"index","follow":"follow","max-snippet":"max-snippet:-1","max-image-preview":"max-image-preview:large","max-video-preview":"max-video-preview:-1"},"canonical":"https:\/\/www.lusinedemains.com\/blog\/bache-protection-jardin\/","og_locale":"fr_FR","og_type":"article","og_title":"B\u00e2che protection jardin : que choisir pour prot\u00e9ger ses meubles ?","og_description":"Prot\u00e9gez vos meubles toute l\u2019ann\u00e9e avec la bonne b\u00e2che de protection pour le jardin. \u00c9tanche, solide et sur mesure.","og_url":"https:\/\/www.lusinedemains.com\/blog\/bache-protection-jardin\/","og_site_name":"LUSINEDEMAINS","article_published_time":"2025-08-18T13:09:32+00:00","article_modified_time":"2025-09-22T09:24:35+00:00","og_image":[{"width":2560,"height":1287,"url":"https:\/\/www.lusinedemains.com\/blog\/wp-content\/uploads\/2024\/11\/Housse-mobilier-jardin-scaled.jpg","type":"image\/jpeg"}],"author":"L'Usine Demains","twitter_card":"summary_large_image","twitter_misc":{"Written by":"L'Usine Demains","Est. reading time":"3 minutes"},"schema":{"@context":"https:\/\/schema.org","@graph":[{"@type":"Article","@id":"https:\/\/www.lusinedemains.com\/blog\/bache-protection-jardin\/#article","isPartOf":{"@id":"https:\/\/www.lusinedemains.com\/blog\/bache-protection-jardin\/"},"author":{"name":"L'Usine Demains","@id":"https:\/\/www.lusinedemains.com\/blog\/#\/schema\/person\/32200879e3b42ef1728ffd844404166a"},"headline":"Quelle b\u00e2che choisir pour prot\u00e9ger ses meubles de jardin toute l\u2019ann\u00e9e ?","datePublished":"2025-08-18T13:09:32+00:00","dateModified":"2025-09-22T09:24:35+00:00","mainEntityOfPage":{"@id":"https:\/\/www.lusinedemains.com\/blog\/bache-protection-jardin\/"},"wordCount":535,"publisher":{"@id":"https:\/\/www.lusinedemains.com\/blog\/#organization"},"image":{"@id":"https:\/\/www.lusinedemains.com\/blog\/bache-protection-jardin\/#primaryimage"},"thumbnailUrl":"https:\/\/www.lusinedemains.com\/blog\/wp-content\/uploads\/2024\/11\/Housse-mobilier-jardin-scaled.jpg","articleSection":["Piscine et Jardin"],"inLanguage":"fr-FR"},{"@type":"WebPage","@id":"https:\/\/www.lusinedemains.com\/blog\/bache-protection-jardin\/","url":"https:\/\/www.lusinedemains.com\/blog\/bache-protection-jardin\/","name":"B\u00e2che protection jardin : que choisir pour prot\u00e9ger ses meubles ?","isPartOf":{"@id":"https:\/\/www.lusinedemains.com\/blog\/#website"},"primaryImageOfPage":{"@id":"https:\/\/www.lusinedemains.com\/blog\/bache-protection-jardin\/#primaryimage"},"image":{"@id":"https:\/\/www.lusinedemains.com\/blog\/bache-protection-jardin\/#primaryimage"},"thumbnailUrl":"https:\/\/www.lusinedemains.com\/blog\/wp-content\/uploads\/2024\/11\/Housse-mobilier-jardin-scaled.jpg","datePublished":"2025-08-18T13:09:32+00:00","dateModified":"2025-09-22T09:24:35+00:00","description":"Prot\u00e9gez vos meubles toute l\u2019ann\u00e9e avec la bonne b\u00e2che de protection pour le jardin. \u00c9tanche, solide et sur mesure.","breadcrumb":{"@id":"https:\/\/www.lusinedemains.com\/blog\/bache-protection-jardin\/#breadcrumb"},"inLanguage":"fr-FR","potentialAction":[{"@type":"ReadAction","target":["https:\/\/www.lusinedemains.com\/blog\/bache-protection-jardin\/"]}]},{"@type":"ImageObject","inLanguage":"fr-FR","@id":"https:\/\/www.lusinedemains.com\/blog\/bache-protection-jardin\/#primaryimage","url":"https:\/\/www.lusinedemains.com\/blog\/wp-content\/uploads\/2024\/11\/Housse-mobilier-jardin-scaled.jpg","contentUrl":"https:\/\/www.lusinedemains.com\/blog\/wp-content\/uploads\/2024\/11\/Housse-mobilier-jardin-scaled.jpg","width":2560,"height":1287,"caption":"b\u00e2che de protection mobilier jardin"},{"@type":"BreadcrumbList","@id":"https:\/\/www.lusinedemains.com\/blog\/bache-protection-jardin\/#breadcrumb","itemListElement":[{"@type":"ListItem","position":1,"name":"Home","item":"https:\/\/www.lusinedemains.com\/blog\/"},{"@type":"ListItem","position":2,"name":"Quelle b\u00e2che choisir pour prot\u00e9ger ses meubles de jardin toute l\u2019ann\u00e9e ?"}]},{"@type":"WebSite","@id":"https:\/\/www.lusinedemains.com\/blog\/#website","url":"https:\/\/www.lusinedemains.com\/blog\/","name":"LUSINEDEMAINS","description":"Nos conseils et astuces","publisher":{"@id":"https:\/\/www.lusinedemains.com\/blog\/#organization"},"potentialAction":[{"@type":"SearchAction","target":{"@type":"EntryPoint","urlTemplate":"https:\/\/www.lusinedemains.com\/blog\/?s={search_term_string}"},"query-input":"required name=search_term_string"}],"inLanguage":"fr-FR"},{"@type":"Organization","@id":"https:\/\/www.lusinedemains.com\/blog\/#organization","name":"LUSINEDEMAINS","url":"https:\/\/www.lusinedemains.com\/blog\/","logo":{"@type":"ImageObject","inLanguage":"fr-FR","@id":"https:\/\/www.lusinedemains.com\/blog\/#\/schema\/logo\/image\/","url":"https:\/\/www.lusinedemains.com\/blog\/wp-content\/uploads\/2024\/03\/cropped-logo-lusinedemains.jpg","contentUrl":"https:\/\/www.lusinedemains.com\/blog\/wp-content\/uploads\/2024\/03\/cropped-logo-lusinedemains.jpg","width":317,"height":70,"caption":"LUSINEDEMAINS"},"image":{"@id":"https:\/\/www.lusinedemains.com\/blog\/#\/schema\/logo\/image\/"}},{"@type":"Person","@id":"https:\/\/www.lusinedemains.com\/blog\/#\/schema\/person\/32200879e3b42ef1728ffd844404166a","name":"L'Usine Demains","image":{"@type":"ImageObject","inLanguage":"fr-FR","@id":"https:\/\/www.lusinedemains.com\/blog\/#\/schema\/person\/image\/","url":"https:\/\/secure.gravatar.com\/avatar\/1da141be595798ee1675dc3c6682643a?s=96&d=mm&r=g","contentUrl":"https:\/\/secure.gravatar.com\/avatar\/1da141be595798ee1675dc3c6682643a?s=96&d=mm&r=g","caption":"L'Usine Demains"},"sameAs":["https:\/\/www.lusinedemains.com\/bhd-wp"],"url":"https:\/\/www.lusinedemains.com\/blog\/author\/admin\/"}]}},"_links":{"self":[{"href":"https:\/\/www.lusinedemains.com\/blog\/wp-json\/wp\/v2\/posts\/1271"}],"collection":[{"href":"https:\/\/www.lusinedemains.com\/blog\/wp-json\/wp\/v2\/posts"}],"about":[{"href":"https:\/\/www.lusinedemains.com\/blog\/wp-json\/wp\/v2\/types\/post"}],"author":[{"embeddable":true,"href":"https:\/\/www.lusinedemains.com\/blog\/wp-json\/wp\/v2\/users\/1"}],"replies":[{"embeddable":true,"href":"https:\/\/www.lusinedemains.com\/blog\/wp-json\/wp\/v2\/comments?post=1271"}],"version-history":[{"count":4,"href":"https:\/\/www.lusinedemains.com\/blog\/wp-json\/wp\/v2\/posts\/1271\/revisions"}],"predecessor-version":[{"id":1316,"href":"https:\/\/www.lusinedemains.com\/blog\/wp-json\/wp\/v2\/posts\/1271\/revisions\/1316"}],"wp:featuredmedia":[{"embeddable":true,"href":"https:\/\/www.lusinedemains.com\/blog\/wp-json\/wp\/v2\/media\/654"}],"wp:attachment":[{"href":"https:\/\/www.lusinedemains.com\/blog\/wp-json\/wp\/v2\/media?parent=1271"}],"wp:term":[{"taxonomy":"category","embeddable":true,"href":"https:\/\/www.lusinedemains.com\/blog\/wp-json\/wp\/v2\/categories?post=1271"},{"taxonomy":"post_tag","embeddable":true,"href":"https:\/\/www.lusinedemains.com\/blog\/wp-json\/wp\/v2\/tags?post=1271"}],"curies":[{"name":"wp","href":"https:\/\/api.w.org\/{rel}","templated":true}]}}