{"id":1171,"date":"2025-05-07T10:56:50","date_gmt":"2025-05-07T10:56:50","guid":{"rendered":"https:\/\/www.lusinedemains.com\/blog\/?p=1171"},"modified":"2025-05-07T10:56:50","modified_gmt":"2025-05-07T10:56:50","slug":"proteger-mobil-home-hiver","status":"publish","type":"post","link":"https:\/\/www.lusinedemains.com\/blog\/proteger-mobil-home-hiver\/","title":{"rendered":"Prot\u00e9ger son mobil-home en hiver avec une b\u00e2che adapt\u00e9e"},"content":{"rendered":"\n<p>L\u2019hiver arrive, et avec lui, son cort\u00e8ge d\u2019humidit\u00e9, de gel, de vent. Pour <strong>prot\u00e9ger son mobil-home en hiver<\/strong>, il ne suffit pas de croiser les doigts ou de jeter une b\u00e2che quelconque. Il faut du sur-mesure, du solide, du pens\u00e9 pour durer. Parce que ce qui ne se voit pas (condensation, moisissure, corrosion) peut faire de gros d\u00e9g\u00e2ts. Et qu\u2019un mobil-home bien prot\u00e9g\u00e9, c\u2019est un mobil-home qui passe l\u2019hiver sans flancher.<\/p><div id=\"ez-toc-container\" class=\"ez-toc-v2_0_73 counter-hierarchy ez-toc-counter ez-toc-grey ez-toc-container-direction\">\n<div class=\"ez-toc-title-container\">\n<p class=\"ez-toc-title\" style=\"cursor:inherit\">Au programme<\/p>\n<span class=\"ez-toc-title-toggle\"><a href=\"#\" class=\"ez-toc-pull-right ez-toc-btn ez-toc-btn-xs ez-toc-btn-default ez-toc-toggle\" aria-label=\"Toggle Table of Content\"><span class=\"ez-toc-js-icon-con\"><span class=\"\"><span class=\"eztoc-hide\" style=\"display:none;\">Toggle<\/span><span class=\"ez-toc-icon-toggle-span\"><svg style=\"fill: #999;color:#999\" xmlns=\"http:\/\/www.w3.org\/2000\/svg\" class=\"list-377408\" width=\"20px\" height=\"20px\" viewBox=\"0 0 24 24\" fill=\"none\"><path d=\"M6 6H4v2h2V6zm14 0H8v2h12V6zM4 11h2v2H4v-2zm16 0H8v2h12v-2zM4 16h2v2H4v-2zm16 0H8v2h12v-2z\" fill=\"currentColor\"><\/path><\/svg><svg style=\"fill: #999;color:#999\" class=\"arrow-unsorted-368013\" xmlns=\"http:\/\/www.w3.org\/2000\/svg\" width=\"10px\" height=\"10px\" viewBox=\"0 0 24 24\" version=\"1.2\" baseProfile=\"tiny\"><path d=\"M18.2 9.3l-6.2-6.3-6.2 6.3c-.2.2-.3.4-.3.7s.1.5.3.7c.2.2.4.3.7.3h11c.3 0 .5-.1.7-.3.2-.2.3-.5.3-.7s-.1-.5-.3-.7zM5.8 14.7l6.2 6.3 6.2-6.3c.2-.2.3-.5.3-.7s-.1-.5-.3-.7c-.2-.2-.4-.3-.7-.3h-11c-.3 0-.5.1-.7.3-.2.2-.3.5-.3.7s.1.5.3.7z\"\/><\/svg><\/span><\/span><\/span><\/a><\/span><\/div>\n<nav><ul class='ez-toc-list ez-toc-list-level-1 ' ><li class='ez-toc-page-1 ez-toc-heading-level-2'><a class=\"ez-toc-link ez-toc-heading-1\" href=\"https:\/\/www.lusinedemains.com\/blog\/proteger-mobil-home-hiver\/#Pourquoi_il_est_crucial_de_bien_proteger_son_mobil-home_en_hiver\" title=\"Pourquoi il est crucial de bien prot\u00e9ger son mobil-home en hiver\">Pourquoi il est crucial de bien prot\u00e9ger son mobil-home en hiver<\/a><\/li><li class='ez-toc-page-1 ez-toc-heading-level-2'><a class=\"ez-toc-link ez-toc-heading-2\" href=\"https:\/\/www.lusinedemains.com\/blog\/proteger-mobil-home-hiver\/#La_bache_mobil-home_hiver_une_protection_sur_mesure_ou_rien\" title=\"La b\u00e2che mobil-home hiver : une protection sur mesure ou rien\">La b\u00e2che mobil-home hiver : une protection sur mesure ou rien<\/a><\/li><li class='ez-toc-page-1 ez-toc-heading-level-2'><a class=\"ez-toc-link ez-toc-heading-3\" href=\"https:\/\/www.lusinedemains.com\/blog\/proteger-mobil-home-hiver\/#Ce_que_votre_bache_doit_vraiment_savoir_faire\" title=\"Ce que votre b\u00e2che doit vraiment savoir faire\">Ce que votre b\u00e2che doit vraiment savoir faire<\/a><\/li><li class='ez-toc-page-1 ez-toc-heading-level-2'><a class=\"ez-toc-link ez-toc-heading-4\" href=\"https:\/\/www.lusinedemains.com\/blog\/proteger-mobil-home-hiver\/#Bien_choisir_sa_bache_cest_deja_gagner_lhiver\" title=\"Bien choisir sa b\u00e2che, c\u2019est d\u00e9j\u00e0 gagner l\u2019hiver\">Bien choisir sa b\u00e2che, c\u2019est d\u00e9j\u00e0 gagner l\u2019hiver<\/a><\/li><\/ul><\/nav><\/div>\n\n\n\n\n<figure class=\"wp-block-image size-large\"><a href=\"https:\/\/www.youtube.com\/watch?v=e3Gmgw7vdqM\" target=\"_blank\" rel=\"noreferrer noopener\"><img loading=\"lazy\" decoding=\"async\" width=\"1024\" height=\"576\" src=\"https:\/\/www.lusinedemains.com\/blog\/wp-content\/uploads\/2025\/01\/bache-terrasse-mobil-home-1-1024x576.jpg\" alt=\"vid\u00e9o toile mobil home\" class=\"wp-image-941\" srcset=\"https:\/\/www.lusinedemains.com\/blog\/wp-content\/uploads\/2025\/01\/bache-terrasse-mobil-home-1-1024x576.jpg 1024w, https:\/\/www.lusinedemains.com\/blog\/wp-content\/uploads\/2025\/01\/bache-terrasse-mobil-home-1-300x169.jpg 300w, https:\/\/www.lusinedemains.com\/blog\/wp-content\/uploads\/2025\/01\/bache-terrasse-mobil-home-1-768x432.jpg 768w, https:\/\/www.lusinedemains.com\/blog\/wp-content\/uploads\/2025\/01\/bache-terrasse-mobil-home-1-1536x864.jpg 1536w, https:\/\/www.lusinedemains.com\/blog\/wp-content\/uploads\/2025\/01\/bache-terrasse-mobil-home-1.jpg 1920w\" sizes=\"(max-width: 1024px) 100vw, 1024px\" \/><\/a><\/figure>\n\n\n\n<p><\/p>\n\n\n\n<h2 class=\"wp-block-heading\"><span class=\"ez-toc-section\" id=\"Pourquoi_il_est_crucial_de_bien_proteger_son_mobil-home_en_hiver\"><\/span>Pourquoi il est crucial de bien prot\u00e9ger son mobil-home en hiver<span class=\"ez-toc-section-end\"><\/span><\/h2>\n\n\n\n<p>Le mobil-home est fait pour vivre dehors\u2026 mais pas pour subir l\u2019hiver sans d\u00e9fense. L\u2019eau s\u2019infiltre, le givre fragilise, la salet\u00e9 s\u2019installe. R\u00e9sultat ? <a href=\"https:\/\/www.lusinedemains.com\/blog\/reparer-accroc-ou-dechirure-bache\/\" target=\"_blank\" rel=\"noreferrer noopener\">Mobil-home ab\u00eem\u00e9, r\u00e9parations co\u00fbteuses, voire pertes irr\u00e9versibles. <\/a><strong>Prot\u00e9ger son mobil-home en hiver<\/strong> n\u2019est pas une option : c\u2019est une assurance tranquillit\u00e9.<\/p>\n\n\n\n<p>Avec une <strong>b\u00e2che mobil-home imperm\u00e9able<\/strong> et respirante, on coupe l\u2019herbe sous le pied \u00e0 l\u2019humidit\u00e9. Avec des fixations solides et un ajustement millim\u00e9tr\u00e9, on r\u00e9siste aux bourrasques. Et avec une toile anti-UV, on anticipe m\u00eame le retour du soleil. Un hiver bien pr\u00e9par\u00e9, c\u2019est un printemps sans surprise.<\/p>\n\n\n\n<figure class=\"wp-block-image size-large\"><img decoding=\"async\" src=\"https:\/\/back.lusinedemains.com\/media\/CATALOGUE-2\/MOBILHOME\/IMAGES\/facde-avant-bache-mobil-home.jpg\" alt=\"TOILE IMPERMEABLE MOBIL HOME\"\/><\/figure>\n\n\n\n<h2 class=\"wp-block-heading\"><span class=\"ez-toc-section\" id=\"La_bache_mobil-home_hiver_une_protection_sur_mesure_ou_rien\"><\/span>La b\u00e2che mobil-home hiver : une protection sur mesure ou rien<span class=\"ez-toc-section-end\"><\/span><\/h2>\n\n\n\n<p>Ici, pas de standard. <strong>Prot\u00e9ger un mobil-home en hiver<\/strong>, c\u2019est r\u00e9pondre \u00e0 un cahier des charges pr\u00e9cis : dimensions, type de toiture, points de fixation, zones sensibles. Chaque mod\u00e8le a ses particularit\u00e9s. Et chaque hiver ses caprices.<\/p>\n\n\n\n<p>C\u2019est pourquoi nous proposons des <strong>b\u00e2ches mobil-home hiver<\/strong> d\u00e9coup\u00e9es au laser, renforc\u00e9es aux points de tension, \u00e9quip\u00e9es d\u2019\u0153illets inox et de fixations adapt\u00e9es \u00e0 votre configuration. Vous choisissez les options, on fabrique \u00e0 la demande. Le tout avec des mat\u00e9riaux de r\u00e9sistance et de durabilit\u00e9. Parce que l\u2019hiver ne fait pas de cadeaux.<\/p>\n\n\n\n<p><a href=\"https:\/\/youtu.be\/uT1zKSrgWHw?si=hq6EnDkkSzb_T-69\" target=\"_blank\" rel=\"noreferrer noopener\">D\u00e9couvrez-en plus sur nos fabrications : <\/a><\/p>\n\n\n\n<figure class=\"wp-block-embed is-type-video is-provider-youtube wp-block-embed-youtube wp-embed-aspect-16-9 wp-has-aspect-ratio\"><div class=\"wp-block-embed__wrapper\">\n<iframe loading=\"lazy\" title=\"Votre b\u00e2che sur mesure de fabrication fran\u00e7aise en direct de l&#039;une de nos 15 usines du Groupe BHD.\" width=\"1200\" height=\"675\" src=\"https:\/\/www.youtube.com\/embed\/uT1zKSrgWHw?feature=oembed\" frameborder=\"0\" allow=\"accelerometer; autoplay; clipboard-write; encrypted-media; gyroscope; picture-in-picture; web-share\" referrerpolicy=\"strict-origin-when-cross-origin\" allowfullscreen><\/iframe>\n<\/div><\/figure>\n\n\n\n<p><\/p>\n\n\n\n<h2 class=\"wp-block-heading\"><span class=\"ez-toc-section\" id=\"Ce_que_votre_bache_doit_vraiment_savoir_faire\"><\/span>Ce que votre b\u00e2che doit vraiment savoir faire<span class=\"ez-toc-section-end\"><\/span><\/h2>\n\n\n\n<ul>\n<li><strong>Imperm\u00e9abilit\u00e9 totale<\/strong> : pour bloquer l\u2019eau, m\u00eame sous pluie battante.<\/li>\n\n\n\n<li><strong>Respirabilit\u00e9 ma\u00eetris\u00e9e<\/strong> : pour \u00e9viter la condensation, ennemie sournoise du mobilier int\u00e9rieur.<\/li>\n\n\n\n<li><strong>R\u00e9sistance au vent<\/strong> : ourlets soud\u00e9s, \u0153illets renforc\u00e9s, tension optimale.<\/li>\n\n\n\n<li><strong>Barri\u00e8re anti-UV et anti-froid<\/strong> : m\u00eame \u00e0 l\u2019arr\u00eat, votre mobil-home reste sous protection compl\u00e8te.<\/li>\n<\/ul>\n\n\n\n<p>\u00c0 cela, on ajoute la finition qui fait la diff\u00e9rence : zip d\u2019acc\u00e8s rapide, jupe lat\u00e9rale, angles renforc\u00e9s\u2026 Chaque d\u00e9tail compte quand il s\u2019agit de <strong>prot\u00e9ger son mobil-home en hiver<\/strong>.<\/p>\n\n\n\n<h2 class=\"wp-block-heading\"><span class=\"ez-toc-section\" id=\"Bien_choisir_sa_bache_cest_deja_gagner_lhiver\"><\/span>Bien choisir sa b\u00e2che, c\u2019est d\u00e9j\u00e0 gagner l\u2019hiver<span class=\"ez-toc-section-end\"><\/span><\/h2>\n\n\n\n<p>Ne laissez pas le hasard d\u00e9cider de la long\u00e9vit\u00e9 de votre mobil-home. <a href=\"https:\/\/www.lusinedemains.com\/bache-de-terrasse-bois-et-mobil-home\/bache-de-mobilhome.html\" target=\"_blank\" rel=\"noreferrer noopener\">Faites le choix du sur-mesure<\/a>, du robuste, du con\u00e7u pour affronter le pire. Chez L\u2019Usine Demain, nous savons que derri\u00e8re chaque b\u00e2che, il y a une histoire \u00e0 prot\u00e9ger : la v\u00f4tre.<\/p>\n","protected":false},"excerpt":{"rendered":"<p>L\u2019hiver arrive, et avec lui, son cort\u00e8ge d\u2019humidit\u00e9, de gel, de vent. Pour prot\u00e9ger son mobil-home en hiver, il ne suffit pas de croiser les doigts ou de jeter une b\u00e2che quelconque. Il faut du sur-mesure, du solide, du pens\u00e9 pour durer. Parce que ce qui ne se voit pas (condensation, moisissure, corrosion) peut faire &#8230; <a title=\"Prot\u00e9ger son mobil-home en hiver avec une b\u00e2che adapt\u00e9e\" class=\"read-more\" href=\"https:\/\/www.lusinedemains.com\/blog\/proteger-mobil-home-hiver\/\" aria-label=\"Read more about Prot\u00e9ger son mobil-home en hiver avec une b\u00e2che adapt\u00e9e\">Read more<\/a><\/p>\n","protected":false},"author":1,"featured_media":942,"comment_status":"closed","ping_status":"closed","sticky":false,"template":"","format":"standard","meta":{"footnotes":""},"categories":[111],"tags":[],"yoast_head":"<!-- This site is optimized with the Yoast SEO plugin v22.6 - https:\/\/yoast.com\/wordpress\/plugins\/seo\/ -->\n<title>Prot\u00e9ger son mobil-home en hiver avec une b\u00e2che adapt\u00e9e - LUSINEDEMAINS<\/title>\n<meta name=\"description\" content=\"Prot\u00e9ger son mobil-home en hiver avec une b\u00e2che adapt\u00e9e : sur-mesure, imperm\u00e9able, r\u00e9sistante. L&#039;assurance d&#039;un hiver sans tracas.\" \/>\n<meta name=\"robots\" content=\"index, follow, max-snippet:-1, max-image-preview:large, max-video-preview:-1\" \/>\n<link rel=\"canonical\" href=\"https:\/\/www.lusinedemains.com\/blog\/proteger-mobil-home-hiver\/\" \/>\n<meta property=\"og:locale\" content=\"fr_FR\" \/>\n<meta property=\"og:type\" content=\"article\" \/>\n<meta property=\"og:title\" content=\"Prot\u00e9ger son mobil-home en hiver avec une b\u00e2che adapt\u00e9e - LUSINEDEMAINS\" \/>\n<meta property=\"og:description\" content=\"Prot\u00e9ger son mobil-home en hiver avec une b\u00e2che adapt\u00e9e : sur-mesure, imperm\u00e9able, r\u00e9sistante. L&#039;assurance d&#039;un hiver sans tracas.\" \/>\n<meta property=\"og:url\" content=\"https:\/\/www.lusinedemains.com\/blog\/proteger-mobil-home-hiver\/\" \/>\n<meta property=\"og:site_name\" content=\"LUSINEDEMAINS\" \/>\n<meta property=\"article:published_time\" content=\"2025-05-07T10:56:50+00:00\" \/>\n<meta property=\"og:image\" content=\"https:\/\/www.lusinedemains.com\/blog\/wp-content\/uploads\/2025\/01\/bache-cote-joue-mobile-home.jpg\" \/>\n\t<meta property=\"og:image:width\" content=\"900\" \/>\n\t<meta property=\"og:image:height\" content=\"535\" \/>\n\t<meta property=\"og:image:type\" content=\"image\/jpeg\" \/>\n<meta name=\"author\" content=\"L&#039;Usine Demains\" \/>\n<meta name=\"twitter:card\" content=\"summary_large_image\" \/>\n<meta name=\"twitter:label1\" content=\"Written by\" \/>\n\t<meta name=\"twitter:data1\" content=\"L'Usine Demains\" \/>\n\t<meta name=\"twitter:label2\" content=\"Est. reading time\" \/>\n\t<meta name=\"twitter:data2\" content=\"3 minutes\" \/>\n<!-- \/ Yoast SEO plugin. -->","yoast_head_json":{"title":"Prot\u00e9ger son mobil-home en hiver avec une b\u00e2che adapt\u00e9e - LUSINEDEMAINS","description":"Prot\u00e9ger son mobil-home en hiver avec une b\u00e2che adapt\u00e9e : sur-mesure, imperm\u00e9able, r\u00e9sistante. L'assurance d'un hiver sans tracas.","robots":{"index":"index","follow":"follow","max-snippet":"max-snippet:-1","max-image-preview":"max-image-preview:large","max-video-preview":"max-video-preview:-1"},"canonical":"https:\/\/www.lusinedemains.com\/blog\/proteger-mobil-home-hiver\/","og_locale":"fr_FR","og_type":"article","og_title":"Prot\u00e9ger son mobil-home en hiver avec une b\u00e2che adapt\u00e9e - LUSINEDEMAINS","og_description":"Prot\u00e9ger son mobil-home en hiver avec une b\u00e2che adapt\u00e9e : sur-mesure, imperm\u00e9able, r\u00e9sistante. L'assurance d'un hiver sans tracas.","og_url":"https:\/\/www.lusinedemains.com\/blog\/proteger-mobil-home-hiver\/","og_site_name":"LUSINEDEMAINS","article_published_time":"2025-05-07T10:56:50+00:00","og_image":[{"width":900,"height":535,"url":"https:\/\/www.lusinedemains.com\/blog\/wp-content\/uploads\/2025\/01\/bache-cote-joue-mobile-home.jpg","type":"image\/jpeg"}],"author":"L'Usine Demains","twitter_card":"summary_large_image","twitter_misc":{"Written by":"L'Usine Demains","Est. reading time":"3 minutes"},"schema":{"@context":"https:\/\/schema.org","@graph":[{"@type":"Article","@id":"https:\/\/www.lusinedemains.com\/blog\/proteger-mobil-home-hiver\/#article","isPartOf":{"@id":"https:\/\/www.lusinedemains.com\/blog\/proteger-mobil-home-hiver\/"},"author":{"name":"L'Usine Demains","@id":"https:\/\/www.lusinedemains.com\/blog\/#\/schema\/person\/32200879e3b42ef1728ffd844404166a"},"headline":"Prot\u00e9ger son mobil-home en hiver avec une b\u00e2che adapt\u00e9e","datePublished":"2025-05-07T10:56:50+00:00","dateModified":"2025-05-07T10:56:50+00:00","mainEntityOfPage":{"@id":"https:\/\/www.lusinedemains.com\/blog\/proteger-mobil-home-hiver\/"},"wordCount":509,"publisher":{"@id":"https:\/\/www.lusinedemains.com\/blog\/#organization"},"image":{"@id":"https:\/\/www.lusinedemains.com\/blog\/proteger-mobil-home-hiver\/#primaryimage"},"thumbnailUrl":"https:\/\/www.lusinedemains.com\/blog\/wp-content\/uploads\/2025\/01\/bache-cote-joue-mobile-home.jpg","articleSection":["Mobil Home"],"inLanguage":"fr-FR"},{"@type":"WebPage","@id":"https:\/\/www.lusinedemains.com\/blog\/proteger-mobil-home-hiver\/","url":"https:\/\/www.lusinedemains.com\/blog\/proteger-mobil-home-hiver\/","name":"Prot\u00e9ger son mobil-home en hiver avec une b\u00e2che adapt\u00e9e - LUSINEDEMAINS","isPartOf":{"@id":"https:\/\/www.lusinedemains.com\/blog\/#website"},"primaryImageOfPage":{"@id":"https:\/\/www.lusinedemains.com\/blog\/proteger-mobil-home-hiver\/#primaryimage"},"image":{"@id":"https:\/\/www.lusinedemains.com\/blog\/proteger-mobil-home-hiver\/#primaryimage"},"thumbnailUrl":"https:\/\/www.lusinedemains.com\/blog\/wp-content\/uploads\/2025\/01\/bache-cote-joue-mobile-home.jpg","datePublished":"2025-05-07T10:56:50+00:00","dateModified":"2025-05-07T10:56:50+00:00","description":"Prot\u00e9ger son mobil-home en hiver avec une b\u00e2che adapt\u00e9e : sur-mesure, imperm\u00e9able, r\u00e9sistante. L'assurance d'un hiver sans tracas.","breadcrumb":{"@id":"https:\/\/www.lusinedemains.com\/blog\/proteger-mobil-home-hiver\/#breadcrumb"},"inLanguage":"fr-FR","potentialAction":[{"@type":"ReadAction","target":["https:\/\/www.lusinedemains.com\/blog\/proteger-mobil-home-hiver\/"]}]},{"@type":"ImageObject","inLanguage":"fr-FR","@id":"https:\/\/www.lusinedemains.com\/blog\/proteger-mobil-home-hiver\/#primaryimage","url":"https:\/\/www.lusinedemains.com\/blog\/wp-content\/uploads\/2025\/01\/bache-cote-joue-mobile-home.jpg","contentUrl":"https:\/\/www.lusinedemains.com\/blog\/wp-content\/uploads\/2025\/01\/bache-cote-joue-mobile-home.jpg","width":900,"height":535},{"@type":"BreadcrumbList","@id":"https:\/\/www.lusinedemains.com\/blog\/proteger-mobil-home-hiver\/#breadcrumb","itemListElement":[{"@type":"ListItem","position":1,"name":"Home","item":"https:\/\/www.lusinedemains.com\/blog\/"},{"@type":"ListItem","position":2,"name":"Prot\u00e9ger son mobil-home en hiver avec une b\u00e2che adapt\u00e9e"}]},{"@type":"WebSite","@id":"https:\/\/www.lusinedemains.com\/blog\/#website","url":"https:\/\/www.lusinedemains.com\/blog\/","name":"LUSINEDEMAINS","description":"Nos conseils et astuces","publisher":{"@id":"https:\/\/www.lusinedemains.com\/blog\/#organization"},"potentialAction":[{"@type":"SearchAction","target":{"@type":"EntryPoint","urlTemplate":"https:\/\/www.lusinedemains.com\/blog\/?s={search_term_string}"},"query-input":"required name=search_term_string"}],"inLanguage":"fr-FR"},{"@type":"Organization","@id":"https:\/\/www.lusinedemains.com\/blog\/#organization","name":"LUSINEDEMAINS","url":"https:\/\/www.lusinedemains.com\/blog\/","logo":{"@type":"ImageObject","inLanguage":"fr-FR","@id":"https:\/\/www.lusinedemains.com\/blog\/#\/schema\/logo\/image\/","url":"https:\/\/www.lusinedemains.com\/blog\/wp-content\/uploads\/2024\/03\/cropped-logo-lusinedemains.jpg","contentUrl":"https:\/\/www.lusinedemains.com\/blog\/wp-content\/uploads\/2024\/03\/cropped-logo-lusinedemains.jpg","width":317,"height":70,"caption":"LUSINEDEMAINS"},"image":{"@id":"https:\/\/www.lusinedemains.com\/blog\/#\/schema\/logo\/image\/"}},{"@type":"Person","@id":"https:\/\/www.lusinedemains.com\/blog\/#\/schema\/person\/32200879e3b42ef1728ffd844404166a","name":"L'Usine Demains","image":{"@type":"ImageObject","inLanguage":"fr-FR","@id":"https:\/\/www.lusinedemains.com\/blog\/#\/schema\/person\/image\/","url":"https:\/\/secure.gravatar.com\/avatar\/1da141be595798ee1675dc3c6682643a?s=96&d=mm&r=g","contentUrl":"https:\/\/secure.gravatar.com\/avatar\/1da141be595798ee1675dc3c6682643a?s=96&d=mm&r=g","caption":"L'Usine Demains"},"sameAs":["https:\/\/www.lusinedemains.com\/bhd-wp"],"url":"https:\/\/www.lusinedemains.com\/blog\/author\/admin\/"}]}},"_links":{"self":[{"href":"https:\/\/www.lusinedemains.com\/blog\/wp-json\/wp\/v2\/posts\/1171"}],"collection":[{"href":"https:\/\/www.lusinedemains.com\/blog\/wp-json\/wp\/v2\/posts"}],"about":[{"href":"https:\/\/www.lusinedemains.com\/blog\/wp-json\/wp\/v2\/types\/post"}],"author":[{"embeddable":true,"href":"https:\/\/www.lusinedemains.com\/blog\/wp-json\/wp\/v2\/users\/1"}],"replies":[{"embeddable":true,"href":"https:\/\/www.lusinedemains.com\/blog\/wp-json\/wp\/v2\/comments?post=1171"}],"version-history":[{"count":3,"href":"https:\/\/www.lusinedemains.com\/blog\/wp-json\/wp\/v2\/posts\/1171\/revisions"}],"predecessor-version":[{"id":1174,"href":"https:\/\/www.lusinedemains.com\/blog\/wp-json\/wp\/v2\/posts\/1171\/revisions\/1174"}],"wp:featuredmedia":[{"embeddable":true,"href":"https:\/\/www.lusinedemains.com\/blog\/wp-json\/wp\/v2\/media\/942"}],"wp:attachment":[{"href":"https:\/\/www.lusinedemains.com\/blog\/wp-json\/wp\/v2\/media?parent=1171"}],"wp:term":[{"taxonomy":"category","embeddable":true,"href":"https:\/\/www.lusinedemains.com\/blog\/wp-json\/wp\/v2\/categories?post=1171"},{"taxonomy":"post_tag","embeddable":true,"href":"https:\/\/www.lusinedemains.com\/blog\/wp-json\/wp\/v2\/tags?post=1171"}],"curies":[{"name":"wp","href":"https:\/\/api.w.org\/{rel}","templated":true}]}}